{"id":9879,"date":"2019-12-06T10:53:52","date_gmt":"2019-12-06T09:53:52","guid":{"rendered":"http:\/\/www.dorispichler.at\/blog\/?p=9879"},"modified":"2019-12-06T10:55:34","modified_gmt":"2019-12-06T09:55:34","slug":"adventkalender456","status":"publish","type":"post","link":"https:\/\/dorispichler.at\/blog\/adventkalender456\/","title":{"rendered":"Team-Adventkalender 4+5+6"},"content":{"rendered":"\n<p>Das Team Astrids-Papiereuphorie pr\u00e4sentiert seinen Stampin&#8216; Up! <strong>Adventkalender.<\/strong><\/p>\n\n\n\n<p>T\u00fcrchen Nummer 4 hat Monika f\u00fcr uns gebastelt. Ein entz\u00fcckendes Packerl mit dem s\u00fc\u00dfen Weihnachtself. F\u00fcr das Flascherl mit der feinen Spitze finde ich sicher noch eine gute Verwendung.<\/p>\n\n\n\n<figure class=\"wp-block-image\"><a ref=\"magnificPopup\" href=\"https:\/\/dorispichler.at\/blog\/wp-content\/uploads\/2019\/12\/advent2_9512.jpg\"><img decoding=\"async\" src=\"https:\/\/dorispichler.at\/blog\/wp-content\/uploads\/2019\/12\/advent4_9548.jpg\" alt=\"adventkalender-4\" class=\"wp-image-9880\"\/><\/a><figcaption>T\u00fcrchen Nr. 4 von Monika<\/figcaption><\/figure>\n\n\n\n<p>Und T\u00fcrchen Nr. 5 hat Anja bef\u00fcllt. Eine sehr sch\u00f6ne Verpackung mit interessantem Verschluss &#8211; das muss ich unbedingt einmal probieren. Die Schoki ist bereits Vergangenheit &#8211; irgend ein Weihnachtself muss die genommen haben \u2026 die Kerze habe ich mir am Abend angez\u00fcndet und dazu einen ruhigen Tee geg\u00f6nnt.<\/p>\n\n\n\n<figure class=\"wp-block-image\"><a ref=\"magnificPopup\" href=\"https:\/\/dorispichler.at\/blog\/wp-content\/uploads\/2019\/12\/advent3_9523.jpg\"><img decoding=\"async\" src=\"https:\/\/dorispichler.at\/blog\/wp-content\/uploads\/2019\/12\/advent5_9549.jpg\" alt=\"andventkalender-5\" class=\"wp-image-9881\"\/><\/a><figcaption>T\u00fcrchen Nr. 5 von Anja<\/figcaption><\/figure>\n\n\n\n<p>Und jetzt noch das heutige T\u00fcrchen, reichhaltig bef\u00fcllt von Barbara. Die Kissenschachtel im Weihnachtsmannkost\u00fcm sieht entz\u00fcckend aus. Die Schoki ist, wie jeden Tag, sofort einem Weihnachtself zum Opfer gefallen, die Stifte (ich liebe Gr\u00fcn) und Haftnotizen habe ich immer Verwendung.<\/p>\n\n\n\n<figure class=\"wp-block-image\"><a ref=\"magnificPopup\" href=\"https:\/\/dorispichler.at\/blog\/wp-content\/uploads\/2019\/12\/advent6_9550.jpg\"><img decoding=\"async\" src=\"https:\/\/dorispichler.at\/blog\/wp-content\/uploads\/2019\/12\/advent6_9550.jpg\" alt=\"adventkalender-6\" class=\"wp-image-9882\"\/><\/a><\/figure>\n\n\n\n<p>Morgen ist wieder unser w\u00f6chentlicher Blog-Hop dran und n\u00e4chste Woche geht es wieder mit unserem Adventkalender weiter.  <br><\/p>\n\n\n\n<p>Ich w\u00fcnsche euch ein wundersch\u00f6nes Wochenende. <\/p>\n\n\n\n<p>Alles Liebe <br>euro *)Doris~<\/p>\n","protected":false},"excerpt":{"rendered":"<p>Das Team Astrids-Papiereuphorie pr\u00e4sentiert seinen Stampin&#8216; Up! Adventkalender. T\u00fcrchen Nummer 4 hat Monika f\u00fcr uns gebastelt. Ein entz\u00fcckendes Packerl mit dem s\u00fc\u00dfen Weihnachtself. F\u00fcr das Flascherl mit der feinen Spitze finde ich sicher noch eine gute Verwendung. Und T\u00fcrchen Nr. 5 hat Anja bef\u00fcllt. Eine sehr sch\u00f6ne Verpackung mit interessantem Verschluss &#8211; das muss ich&#8230;<\/p>\n","protected":false},"author":1,"featured_media":0,"comment_status":"open","ping_status":"closed","sticky":false,"template":"","format":"standard","meta":{"footnotes":""},"categories":[100,51],"tags":[],"class_list":["post-9879","post","type-post","status-publish","format-standard","hentry","category-adventkalender","category-stampinup"],"_links":{"self":[{"href":"https:\/\/dorispichler.at\/blog\/wp-json\/wp\/v2\/posts\/9879"}],"collection":[{"href":"https:\/\/dorispichler.at\/blog\/wp-json\/wp\/v2\/posts"}],"about":[{"href":"https:\/\/dorispichler.at\/blog\/wp-json\/wp\/v2\/types\/post"}],"author":[{"embeddable":true,"href":"https:\/\/dorispichler.at\/blog\/wp-json\/wp\/v2\/users\/1"}],"replies":[{"embeddable":true,"href":"https:\/\/dorispichler.at\/blog\/wp-json\/wp\/v2\/comments?post=9879"}],"version-history":[{"count":0,"href":"https:\/\/dorispichler.at\/blog\/wp-json\/wp\/v2\/posts\/9879\/revisions"}],"wp:attachment":[{"href":"https:\/\/dorispichler.at\/blog\/wp-json\/wp\/v2\/media?parent=9879"}],"wp:term":[{"taxonomy":"category","embeddable":true,"href":"https:\/\/dorispichler.at\/blog\/wp-json\/wp\/v2\/categories?post=9879"},{"taxonomy":"post_tag","embeddable":true,"href":"https:\/\/dorispichler.at\/blog\/wp-json\/wp\/v2\/tags?post=9879"}],"curies":[{"name":"wp","href":"https:\/\/api.w.org\/{rel}","templated":true}]}}