{"id":9863,"date":"2019-12-03T14:07:44","date_gmt":"2019-12-03T13:07:44","guid":{"rendered":"http:\/\/www.dorispichler.at\/blog\/?p=9863"},"modified":"2019-12-03T14:07:47","modified_gmt":"2019-12-03T13:07:47","slug":"adventkalender23","status":"publish","type":"post","link":"https:\/\/dorispichler.at\/blog\/adventkalender23\/","title":{"rendered":"Team-Adventkalender 2+3"},"content":{"rendered":"\n<p>Das Team Astrids-Papiereuphorie pr\u00e4sentiert seinen Stampin&#8216; Up! <strong>Adventkalender.<\/strong><\/p>\n\n\n\n<p>T\u00fcrchen Nummer 2 hat Gerda f\u00fcr uns gebastelt. Ich mag das Paket &#8222;Tannen und Karos&#8220; besonders gern. Die Verschlussidee mit der Stanze &#8222;Bezaubernder Anh\u00e4nger&#8220; gef\u00e4llt mir sehr gut. Der Inhalt sieht sehr mmmmhhhhh aus. Ich freue mich schon auf die Verkostung.<\/p>\n\n\n\n<figure class=\"wp-block-image\"><a ref=\"magnificPopup\" href=\"https:\/\/dorispichler.at\/blog\/wp-content\/uploads\/2019\/12\/advent2_9512.jpg\"><img decoding=\"async\" src=\"https:\/\/dorispichler.at\/blog\/wp-content\/uploads\/2019\/12\/advent2_9512.jpg\" alt=\"adventkalender-2\" class=\"wp-image-9864\"\/><\/a><figcaption>Adventkalender T\u00fcrchen Nr. 2 von Gerda<\/figcaption><\/figure>\n\n\n\n<p>Und T\u00fcrchen Nr. 3 stammt von Irene. Die Schoki wurde selbstverst\u00e4ndlich gleich vernichtet. Das H\u00e4uschen behalte ich als tolle Anregung. Ich w\u00e4re nicht darauf gekommen, aus den Stanzformen &#8222;Raffiniert Bestickten Rahmen&#8220; solche H\u00e4uschen zu machen \u2026<\/p>\n\n\n\n<figure class=\"wp-block-image\"><a ref=\"magnificPopup\" href=\"https:\/\/dorispichler.at\/blog\/wp-content\/uploads\/2019\/12\/advent3_9523.jpg\"><img decoding=\"async\" src=\"https:\/\/dorispichler.at\/blog\/wp-content\/uploads\/2019\/12\/advent3_9523.jpg\" alt=\"adventkalender-3\" class=\"wp-image-9865\"\/><\/a><figcaption>Adventkalender T\u00fcrchen Nr. 3 von Irene.<br><\/figcaption><\/figure>\n\n\n\n<p>Ich bin schon ganz gespannt auf das morgige T\u00fcrchen im Adventkalender. Ihr auch? <\/p>\n\n\n\n<p>Dann schaut morgen wieder vorbei. Da gibt es auch das Ergbnis unseres monatlichen Kreativ-Briefs zu sehen.<\/p>\n\n\n\n<p>Ich w\u00fcnsche euch einen wundersch\u00f6nen Dienstag. <\/p>\n\n\n\n<p>Alles Liebe <br>euro *)Doris~<\/p>\n","protected":false},"excerpt":{"rendered":"<p>Das Team Astrids-Papiereuphorie pr\u00e4sentiert seinen Stampin&#8216; Up! Adventkalender. T\u00fcrchen Nummer 2 hat Gerda f\u00fcr uns gebastelt. Ich mag das Paket &#8222;Tannen und Karos&#8220; besonders gern. Die Verschlussidee mit der Stanze &#8222;Bezaubernder Anh\u00e4nger&#8220; gef\u00e4llt mir sehr gut. Der Inhalt sieht sehr mmmmhhhhh aus. Ich freue mich schon auf die Verkostung. Und T\u00fcrchen Nr. 3 stammt von&#8230;<\/p>\n","protected":false},"author":1,"featured_media":0,"comment_status":"open","ping_status":"closed","sticky":false,"template":"","format":"standard","meta":{"footnotes":""},"categories":[51],"tags":[],"class_list":["post-9863","post","type-post","status-publish","format-standard","hentry","category-stampinup"],"_links":{"self":[{"href":"https:\/\/dorispichler.at\/blog\/wp-json\/wp\/v2\/posts\/9863"}],"collection":[{"href":"https:\/\/dorispichler.at\/blog\/wp-json\/wp\/v2\/posts"}],"about":[{"href":"https:\/\/dorispichler.at\/blog\/wp-json\/wp\/v2\/types\/post"}],"author":[{"embeddable":true,"href":"https:\/\/dorispichler.at\/blog\/wp-json\/wp\/v2\/users\/1"}],"replies":[{"embeddable":true,"href":"https:\/\/dorispichler.at\/blog\/wp-json\/wp\/v2\/comments?post=9863"}],"version-history":[{"count":0,"href":"https:\/\/dorispichler.at\/blog\/wp-json\/wp\/v2\/posts\/9863\/revisions"}],"wp:attachment":[{"href":"https:\/\/dorispichler.at\/blog\/wp-json\/wp\/v2\/media?parent=9863"}],"wp:term":[{"taxonomy":"category","embeddable":true,"href":"https:\/\/dorispichler.at\/blog\/wp-json\/wp\/v2\/categories?post=9863"},{"taxonomy":"post_tag","embeddable":true,"href":"https:\/\/dorispichler.at\/blog\/wp-json\/wp\/v2\/tags?post=9863"}],"curies":[{"name":"wp","href":"https:\/\/api.w.org\/{rel}","templated":true}]}}