{"id":9843,"date":"2019-12-01T12:15:37","date_gmt":"2019-12-01T11:15:37","guid":{"rendered":"http:\/\/www.dorispichler.at\/blog\/?p=9843"},"modified":"2019-12-01T12:15:41","modified_gmt":"2019-12-01T11:15:41","slug":"adventkalender1","status":"publish","type":"post","link":"https:\/\/dorispichler.at\/blog\/adventkalender1\/","title":{"rendered":"Team-Adventkalender 1"},"content":{"rendered":"\n<p>Das Team Astrids-Papiereuphorie pr\u00e4sentiert seinen Stampin&#8216; Up! <strong>Adventkalender.<\/strong><\/p>\n\n\n\n<p>Das erste T\u00fcrchen des Adventkalender wurde von Silvi bef\u00fcllt. Vielen Dank f\u00fcr den netten Hirschen und die tolle Verpackung \ud83d\ude42 Eine tolle Anregung auch f\u00fcr eine Weihnachtskarte.<\/p>\n\n\n\n<figure class=\"wp-block-image\"><a ref=\"magnificPopup\" href=\"https:\/\/dorispichler.at\/blog\/wp-content\/uploads\/2019\/12\/advent1_9491.jpg\"><img loading=\"lazy\" decoding=\"async\" width=\"800\" height=\"600\" src=\"https:\/\/dorispichler.at\/blog\/wp-content\/uploads\/2019\/12\/advent1_9491.jpg\" alt=\"adventkalender tag1\" class=\"wp-image-9844\" srcset=\"https:\/\/dorispichler.at\/blog\/wp-content\/uploads\/2019\/12\/advent1_9491.jpg 800w, https:\/\/dorispichler.at\/blog\/wp-content\/uploads\/2019\/12\/advent1_9491-150x113.jpg 150w, https:\/\/dorispichler.at\/blog\/wp-content\/uploads\/2019\/12\/advent1_9491-300x225.jpg 300w, https:\/\/dorispichler.at\/blog\/wp-content\/uploads\/2019\/12\/advent1_9491-768x576.jpg 768w, https:\/\/dorispichler.at\/blog\/wp-content\/uploads\/2019\/12\/advent1_9491-600x450.jpg 600w, https:\/\/dorispichler.at\/blog\/wp-content\/uploads\/2019\/12\/advent1_9491-533x400.jpg 533w\" sizes=\"(max-width: 800px) 100vw, 800px\" \/><\/a><\/figure>\n\n\n\n<p>Ich bin schon ganz gespannt auf das morgige T\u00fcrchen im Adventkalender. Ihr auch? <\/p>\n\n\n\n<p>Dann schaut morgen wieder vorbei. Da gibt es auch das Ergbnis unseres monatlichen Kreativ-Briefs zu sehen.<\/p>\n\n\n\n<p>Ich w\u00fcnsche euch einen wundersch\u00f6nen Sonntag. Wer in der N\u00e4he wohnt, kann mich gerne auf meinem &#8222;Herz f\u00fcr Hallein&#8220; Adventstand am Bayrhamerplatz in Hallein besuchen. Ich habe von 14:00 bis 19:00 Uhr ge\u00f6ffnet.<\/p>\n\n\n\n<p>Alles Liebe <br>euro *)Doris~<\/p>\n","protected":false},"excerpt":{"rendered":"<p>Das Team Astrids-Papiereuphorie pr\u00e4sentiert seinen Stampin&#8216; Up! Adventkalender. Das erste T\u00fcrchen des Adventkalender wurde von Silvi bef\u00fcllt. Vielen Dank f\u00fcr den netten Hirschen und die tolle Verpackung \ud83d\ude42 Eine tolle Anregung auch f\u00fcr eine Weihnachtskarte. Ich bin schon ganz gespannt auf das morgige T\u00fcrchen im Adventkalender. Ihr auch? Dann schaut morgen wieder vorbei. Da gibt&#8230;<\/p>\n","protected":false},"author":1,"featured_media":0,"comment_status":"open","ping_status":"closed","sticky":false,"template":"","format":"standard","meta":{"footnotes":""},"categories":[51],"tags":[],"class_list":["post-9843","post","type-post","status-publish","format-standard","hentry","category-stampinup"],"_links":{"self":[{"href":"https:\/\/dorispichler.at\/blog\/wp-json\/wp\/v2\/posts\/9843"}],"collection":[{"href":"https:\/\/dorispichler.at\/blog\/wp-json\/wp\/v2\/posts"}],"about":[{"href":"https:\/\/dorispichler.at\/blog\/wp-json\/wp\/v2\/types\/post"}],"author":[{"embeddable":true,"href":"https:\/\/dorispichler.at\/blog\/wp-json\/wp\/v2\/users\/1"}],"replies":[{"embeddable":true,"href":"https:\/\/dorispichler.at\/blog\/wp-json\/wp\/v2\/comments?post=9843"}],"version-history":[{"count":0,"href":"https:\/\/dorispichler.at\/blog\/wp-json\/wp\/v2\/posts\/9843\/revisions"}],"wp:attachment":[{"href":"https:\/\/dorispichler.at\/blog\/wp-json\/wp\/v2\/media?parent=9843"}],"wp:term":[{"taxonomy":"category","embeddable":true,"href":"https:\/\/dorispichler.at\/blog\/wp-json\/wp\/v2\/categories?post=9843"},{"taxonomy":"post_tag","embeddable":true,"href":"https:\/\/dorispichler.at\/blog\/wp-json\/wp\/v2\/tags?post=9843"}],"curies":[{"name":"wp","href":"https:\/\/api.w.org\/{rel}","templated":true}]}}