{"id":9614,"date":"2019-11-02T06:00:39","date_gmt":"2019-11-02T05:00:39","guid":{"rendered":"http:\/\/www.dorispichler.at\/blog\/?p=9614"},"modified":"2019-11-02T08:59:54","modified_gmt":"2019-11-02T07:59:54","slug":"kreativ-brief-oktober-2019","status":"publish","type":"post","link":"https:\/\/dorispichler.at\/blog\/kreativ-brief-oktober-2019\/","title":{"rendered":"Kreativ-Brief | Oktober 2019"},"content":{"rendered":"\n<div class=\"wp-block-image\"><figure class=\"alignleft is-resized\"><a ref=\"magnificPopup\" href=\"https:\/\/dorispichler.at\/blog\/wp-content\/uploads\/2019\/02\/0119material.jpg\"><img loading=\"lazy\" decoding=\"async\" src=\"https:\/\/dorispichler.at\/blog\/wp-content\/uploads\/2019\/10\/1019material.jpg\" alt=\"kreativ-brief-material10\" class=\"wp-image-9604\" width=\"250\" height=\"188\" srcset=\"https:\/\/dorispichler.at\/blog\/wp-content\/uploads\/2019\/10\/1019material.jpg 1000w, https:\/\/dorispichler.at\/blog\/wp-content\/uploads\/2019\/10\/1019material-150x113.jpg 150w, https:\/\/dorispichler.at\/blog\/wp-content\/uploads\/2019\/10\/1019material-300x225.jpg 300w, https:\/\/dorispichler.at\/blog\/wp-content\/uploads\/2019\/10\/1019material-768x576.jpg 768w, https:\/\/dorispichler.at\/blog\/wp-content\/uploads\/2019\/10\/1019material-600x450.jpg 600w, https:\/\/dorispichler.at\/blog\/wp-content\/uploads\/2019\/10\/1019material-533x400.jpg 533w\" sizes=\"(max-width: 250px) 100vw, 250px\" \/><\/a><\/figure><\/div>\n\n\n<p>Mein August-Materialpaket war gef\u00fcllt mit Farbkarton in Fl\u00fcsterwei\u00df und Savanne, Designerpapier und Kartenset &#8222;Meer der M\u00f6glichkeiten&#8220; und ein St\u00fcck gestreifte Kordel in Marineblau\/Sahara.<\/p>\n\n\n<p>Und das ist daraus entstanden:<\/p>\n\n\n\n<figure class=\"wp-block-image\"><img loading=\"lazy\" decoding=\"async\" width=\"600\" height=\"800\" src=\"https:\/\/dorispichler.at\/blog\/wp-content\/uploads\/2019\/10\/1019dorisPichler_9242.jpg\" alt=\"kreativ-brief-10\" class=\"wp-image-9603\" srcset=\"https:\/\/dorispichler.at\/blog\/wp-content\/uploads\/2019\/10\/1019dorisPichler_9242.jpg 600w, https:\/\/dorispichler.at\/blog\/wp-content\/uploads\/2019\/10\/1019dorisPichler_9242-113x150.jpg 113w, https:\/\/dorispichler.at\/blog\/wp-content\/uploads\/2019\/10\/1019dorisPichler_9242-225x300.jpg 225w, https:\/\/dorispichler.at\/blog\/wp-content\/uploads\/2019\/10\/1019dorisPichler_9242-450x600.jpg 450w, https:\/\/dorispichler.at\/blog\/wp-content\/uploads\/2019\/10\/1019dorisPichler_9242-150x200.jpg 150w, https:\/\/dorispichler.at\/blog\/wp-content\/uploads\/2019\/10\/1019dorisPichler_9242-300x400.jpg 300w\" sizes=\"(max-width: 600px) 100vw, 600px\" \/><\/figure>\n\n\n\n<h5 class=\"wp-block-heading\">Mein Kreativ-Brief-Sackerl<\/h5>\n\n\n\n<p>Aus dem flachen Sackerl ist ein 3D-Sackerl geworden. Bei der Grundform habe ich mitch zu 100 % an die tolle Anleitung von Marions Bastelst\u00fcbchen gehalten. Die Ausf\u00fchrung ist dann doch ein klein wenig anders geworden, ganz wie es mein Materialpaket zugelassen hat.<\/p>\n\n\n\n<p>Zum Schluss habe ich aus den allerletzten Resten noch ein passendes Minik\u00e4rtchen gewerkt \u2013 fertige Gr\u00f6\u00dfe: 4 x 4 cm.<\/p>\n\n\n\n<p>Am Ende des Beitrags findet ihr wieder eine Liste mit allen verwendeten Materialien.  Alles Liebe eure *)Doris~<\/p>\n\n\n\n<p>Und jetzt lasst euch von den Werken meiner Mitbastlerinnen begeistern. Dieses Mal hat <a href=\"http:\/\/www.papierformart.at\/2019\/11\/kreativ-brief-auflosung-oktober.html\" target=\"_blank\" rel=\"noreferrer noopener\" aria-label=\"Ren\u00e9e \u00bb (\u00f6ffnet in neuem Tab)\">Ren\u00e9e \u00bb<\/a><a rel=\"noreferrer noopener\" aria-label=\"Ren\u00e9e \u00bb  (\u00f6ffnet in neuem Tab)\" href=\"http:\/\/www.papierformart.at\/2019\/05\/kreativ-brief-auflosung-april.html\" target=\"_blank\"> <\/a>die Beitr\u00e4ge f\u00fcr uns zusammengefasst.<\/p>\n\n\n[vc_separator type=&#8220;short&#8220; size=&#8220;small&#8220; icon=&#8220;eye&#8220;]\n\n\n\n<p>Kreativ-Brief Materialliste \u2013 mit einem Klick auf \u201eSupply List\u201c herunterladen<\/p>\n\n\n\n<div><div><div id=\"f3d6725f-c6b8-431a-9cad-0090783dc149\"><iframe class=\"iframe-showcase\" src=\"https:\/\/mystampinblog.com\/Showcase\/Details\/48cb0f56-20ee-4e56-b828-06c54236ecba?layout=Carousel&amp;showSku=True&amp;showPrice=True&amp;showDownload=True&amp;transparent=False&amp;bordered=True&amp;hFontHeight=0&amp;rFontHeight=0&amp;imageHeight=120&amp;middleContent=False\" frameborder=\"0\" scrolling=\"no\" allowtransparency=\"true\" style=\"width:100%\"><\/iframe><\/div><script src=\"https:\/\/mystampinblog.com\/Script\/ShowcaseDetailsScript\"><\/script><\/div><\/div>\n","protected":false},"excerpt":{"rendered":"<p>Mein August-Materialpaket war gef\u00fcllt mit Farbkarton in Fl\u00fcsterwei\u00df und Savanne, Designerpapier und Kartenset &#8222;Meer der M\u00f6glichkeiten&#8220; und ein St\u00fcck gestreifte Kordel in Marineblau\/Sahara. Und das ist daraus entstanden: Mein Kreativ-Brief-Sackerl Aus dem flachen Sackerl ist ein 3D-Sackerl geworden. Bei der Grundform habe ich mitch zu 100 % an die tolle Anleitung von Marions Bastelst\u00fcbchen gehalten&#8230;.<\/p>\n","protected":false},"author":1,"featured_media":0,"comment_status":"open","ping_status":"closed","sticky":false,"template":"","format":"standard","meta":{"footnotes":""},"categories":[82,51],"tags":[],"class_list":["post-9614","post","type-post","status-publish","format-standard","hentry","category-kreativ-brief","category-stampinup"],"_links":{"self":[{"href":"https:\/\/dorispichler.at\/blog\/wp-json\/wp\/v2\/posts\/9614"}],"collection":[{"href":"https:\/\/dorispichler.at\/blog\/wp-json\/wp\/v2\/posts"}],"about":[{"href":"https:\/\/dorispichler.at\/blog\/wp-json\/wp\/v2\/types\/post"}],"author":[{"embeddable":true,"href":"https:\/\/dorispichler.at\/blog\/wp-json\/wp\/v2\/users\/1"}],"replies":[{"embeddable":true,"href":"https:\/\/dorispichler.at\/blog\/wp-json\/wp\/v2\/comments?post=9614"}],"version-history":[{"count":0,"href":"https:\/\/dorispichler.at\/blog\/wp-json\/wp\/v2\/posts\/9614\/revisions"}],"wp:attachment":[{"href":"https:\/\/dorispichler.at\/blog\/wp-json\/wp\/v2\/media?parent=9614"}],"wp:term":[{"taxonomy":"category","embeddable":true,"href":"https:\/\/dorispichler.at\/blog\/wp-json\/wp\/v2\/categories?post=9614"},{"taxonomy":"post_tag","embeddable":true,"href":"https:\/\/dorispichler.at\/blog\/wp-json\/wp\/v2\/tags?post=9614"}],"curies":[{"name":"wp","href":"https:\/\/api.w.org\/{rel}","templated":true}]}}