{"id":9432,"date":"2019-10-02T06:00:47","date_gmt":"2019-10-02T04:00:47","guid":{"rendered":"http:\/\/www.dorispichler.at\/blog\/?p=9432"},"modified":"2019-10-01T18:24:54","modified_gmt":"2019-10-01T16:24:54","slug":"kreativ-brief-september-2019","status":"publish","type":"post","link":"https:\/\/dorispichler.at\/blog\/kreativ-brief-september-2019\/","title":{"rendered":"Kreativ-Brief | Septmber 2019"},"content":{"rendered":"\n<div class=\"wp-block-image\"><figure class=\"alignleft is-resized\"><a ref=\"magnificPopup\" href=\"https:\/\/dorispichler.at\/blog\/wp-content\/uploads\/2019\/02\/0119material.jpg\"><img loading=\"lazy\" decoding=\"async\" src=\"https:\/\/dorispichler.at\/blog\/wp-content\/uploads\/2019\/10\/0919material.jpg\" alt=\"kreativ-brief 0919\" class=\"wp-image-9434\" width=\"309\" height=\"240\" srcset=\"https:\/\/dorispichler.at\/blog\/wp-content\/uploads\/2019\/10\/0919material.jpg 617w, https:\/\/dorispichler.at\/blog\/wp-content\/uploads\/2019\/10\/0919material-150x117.jpg 150w, https:\/\/dorispichler.at\/blog\/wp-content\/uploads\/2019\/10\/0919material-300x233.jpg 300w, https:\/\/dorispichler.at\/blog\/wp-content\/uploads\/2019\/10\/0919material-600x467.jpg 600w, https:\/\/dorispichler.at\/blog\/wp-content\/uploads\/2019\/10\/0919material-514x400.jpg 514w\" sizes=\"(max-width: 309px) 100vw, 309px\" \/><\/a><\/figure><\/div>\n\n\n<p>Kreativ-Brief: In meinem September-Materialpaket befand sich ein A5- und ein A6-Blatt in Fl\u00fcsterwei\u00df, ein A5-Blatt in Merlotrot, ein St\u00fcck Designerpapier &#8222;Herbstfreuden&#8220; und ein St\u00fcck fl\u00fcsterwei\u00dfe Kordel.<\/p>\n\n\n<p>Und das ist daraus entstanden:<\/p>\n\n\n\n<figure class=\"wp-block-image\"><a ref=\"magnificPopup\" href=\"https:\/\/dorispichler.at\/blog\/wp-content\/uploads\/2019\/02\/0119dorisPichler_6094.jpg\"><img loading=\"lazy\" decoding=\"async\" width=\"600\" height=\"800\" src=\"https:\/\/dorispichler.at\/blog\/wp-content\/uploads\/2019\/10\/0919dorisPichler_9047.jpg\" alt=\"kreativ-brief 0919\" class=\"wp-image-9433\" srcset=\"https:\/\/dorispichler.at\/blog\/wp-content\/uploads\/2019\/10\/0919dorisPichler_9047.jpg 600w, https:\/\/dorispichler.at\/blog\/wp-content\/uploads\/2019\/10\/0919dorisPichler_9047-113x150.jpg 113w, https:\/\/dorispichler.at\/blog\/wp-content\/uploads\/2019\/10\/0919dorisPichler_9047-225x300.jpg 225w, https:\/\/dorispichler.at\/blog\/wp-content\/uploads\/2019\/10\/0919dorisPichler_9047-450x600.jpg 450w, https:\/\/dorispichler.at\/blog\/wp-content\/uploads\/2019\/10\/0919dorisPichler_9047-150x200.jpg 150w, https:\/\/dorispichler.at\/blog\/wp-content\/uploads\/2019\/10\/0919dorisPichler_9047-300x400.jpg 300w\" sizes=\"(max-width: 600px) 100vw, 600px\" \/><\/a><\/figure>\n\n\n\n<h5 class=\"wp-block-heading\">Eine herbstlicher Einkaufstasche<\/h5>\n\n\n\n<p>Das kleine wei\u00dfe St\u00fcck Farkarton habe ich durchgeschnitten, das ergab die ideale Gr\u00f6\u00dfe f\u00fcr meinen Taschenboden. Das gro\u00dfe St\u00fcck wei\u00dfen Farbkarton habe ich in der H\u00e4lfte durchgeschnitten und der L\u00e4nge nach zusammengeklebt. Das selbe habe ich auch mit dem Designerpapier gemacht und dann in die Mitte des wei\u00dfen Farbkartons geklebt.<\/p>\n\n\n\n<p>Den Farbkarton in Merlotrot habe ich in 1 cm lange Streifen geschnitten und daraus die Abschlusskanten und Henkel gearbeitet.<\/p>\n\n\n\n<p>Der Spruch stammt aus dem Stempelset &#8222;Kleine Freude&#8220;. Das Etikett habe ich mit den Stanzformen &#8222;Mini-Zierschachtel&#8220; und &#8222;Stickmuster&#8220; ausgestanzt.<\/p>\n\n\n\n<p>Aus den Resten ist sich noch ein Minik\u00e4rtchen ausgegangen, bestempelt mit dem Stempelset &#8222;Very Versailles&#8220; &#8211; Stempelkissen: Saharasand und Pfauengr\u00fcn.<\/p>\n\n\n\n<p>Am Ende des Beitrags findet ihr wieder eine Liste mit allen verwendeten Materialien.  Alles Liebe eure *)Doris~<\/p>\n\n\n\n<p>Und jetzt lasst euch von den Werken meiner Mitbastlerinnen begeistern. Diesmal hat <a href=\"https:\/\/www.mrs-catty.at\" target=\"_blank\" rel=\"noreferrer noopener\" aria-label=\"Claudia \u00bb (\u00f6ffnet in neuem Tab)\">Claudia \u00bb<\/a> die Beitr\u00e4ge f\u00fcr uns zusammengefasst.<\/p>\n\n\n[vc_separator type=&#8220;short&#8220; size=&#8220;small&#8220; icon=&#8220;eye&#8220;]\n\n\n\n<p>Kreativ-Brief Materialliste \u2013 mit einem Klick auf \u201eSupply List\u201c herunterladen<\/p>\n\n\n\n<div><div><div id=\"8f7086a0-b2ba-4d23-9638-2263143a5ce6\"><iframe class=\"iframe-showcase\" src=\"https:\/\/mystampinblog.com\/Showcase\/Details\/8e356b1e-aee8-46d8-85f8-bb4ff22932e8?layout=Carousel&amp;showSku=True&amp;showPrice=True&amp;showDownload=True&amp;transparent=False&amp;bordered=True&amp;hFontHeight=14&amp;rFontHeight=13&amp;imageHeight=120&amp;middleContent=False\" frameborder=\"0\" scrolling=\"no\" allowtransparency=\"true\" style=\"width:100%\"><\/iframe><\/div><script src=\"https:\/\/mystampinblog.com\/Script\/ShowcaseDetailsScript\"><\/script><\/div><\/div>\n","protected":false},"excerpt":{"rendered":"<p>Kreativ-Brief: In meinem September-Materialpaket befand sich ein A5- und ein A6-Blatt in Fl\u00fcsterwei\u00df, ein A5-Blatt in Merlotrot, ein St\u00fcck Designerpapier &#8222;Herbstfreuden&#8220; und ein St\u00fcck fl\u00fcsterwei\u00dfe Kordel. Und das ist daraus entstanden: Eine herbstlicher Einkaufstasche Das kleine wei\u00dfe St\u00fcck Farkarton habe ich durchgeschnitten, das ergab die ideale Gr\u00f6\u00dfe f\u00fcr meinen Taschenboden. Das gro\u00dfe St\u00fcck wei\u00dfen Farbkarton&#8230;<\/p>\n","protected":false},"author":1,"featured_media":0,"comment_status":"open","ping_status":"closed","sticky":false,"template":"","format":"standard","meta":{"footnotes":""},"categories":[82,51],"tags":[],"class_list":["post-9432","post","type-post","status-publish","format-standard","hentry","category-kreativ-brief","category-stampinup"],"_links":{"self":[{"href":"https:\/\/dorispichler.at\/blog\/wp-json\/wp\/v2\/posts\/9432"}],"collection":[{"href":"https:\/\/dorispichler.at\/blog\/wp-json\/wp\/v2\/posts"}],"about":[{"href":"https:\/\/dorispichler.at\/blog\/wp-json\/wp\/v2\/types\/post"}],"author":[{"embeddable":true,"href":"https:\/\/dorispichler.at\/blog\/wp-json\/wp\/v2\/users\/1"}],"replies":[{"embeddable":true,"href":"https:\/\/dorispichler.at\/blog\/wp-json\/wp\/v2\/comments?post=9432"}],"version-history":[{"count":0,"href":"https:\/\/dorispichler.at\/blog\/wp-json\/wp\/v2\/posts\/9432\/revisions"}],"wp:attachment":[{"href":"https:\/\/dorispichler.at\/blog\/wp-json\/wp\/v2\/media?parent=9432"}],"wp:term":[{"taxonomy":"category","embeddable":true,"href":"https:\/\/dorispichler.at\/blog\/wp-json\/wp\/v2\/categories?post=9432"},{"taxonomy":"post_tag","embeddable":true,"href":"https:\/\/dorispichler.at\/blog\/wp-json\/wp\/v2\/tags?post=9432"}],"curies":[{"name":"wp","href":"https:\/\/api.w.org\/{rel}","templated":true}]}}