{"id":9187,"date":"2019-09-02T06:00:24","date_gmt":"2019-09-02T04:00:24","guid":{"rendered":"http:\/\/www.dorispichler.at\/blog\/?p=9187"},"modified":"2019-09-02T15:32:11","modified_gmt":"2019-09-02T13:32:11","slug":"kreativ-brief-august-2019","status":"publish","type":"post","link":"https:\/\/dorispichler.at\/blog\/kreativ-brief-august-2019\/","title":{"rendered":"Kreativ-Brief | August 2019"},"content":{"rendered":"\n<div class=\"wp-block-image\"><figure class=\"alignleft is-resized\"><a ref=\"magnificPopup\" href=\"https:\/\/dorispichler.at\/blog\/wp-content\/uploads\/2019\/02\/0119material.jpg\"><img loading=\"lazy\" decoding=\"async\" src=\"https:\/\/dorispichler.at\/blog\/wp-content\/uploads\/2019\/08\/0819material.jpeg\" alt=\"kreativ-brief-material8\" class=\"wp-image-9192\" width=\"250\" height=\"188\" srcset=\"https:\/\/dorispichler.at\/blog\/wp-content\/uploads\/2019\/08\/0819material.jpeg 1000w, https:\/\/dorispichler.at\/blog\/wp-content\/uploads\/2019\/08\/0819material-150x113.jpeg 150w, https:\/\/dorispichler.at\/blog\/wp-content\/uploads\/2019\/08\/0819material-300x225.jpeg 300w, https:\/\/dorispichler.at\/blog\/wp-content\/uploads\/2019\/08\/0819material-768x576.jpeg 768w, https:\/\/dorispichler.at\/blog\/wp-content\/uploads\/2019\/08\/0819material-600x450.jpeg 600w, https:\/\/dorispichler.at\/blog\/wp-content\/uploads\/2019\/08\/0819material-533x400.jpeg 533w\" sizes=\"(max-width: 250px) 100vw, 250px\" \/><\/a><\/figure><\/div>\n\n\n<p>Mein August-Materialpaket war gef\u00fcllt mit Farbkarton in Fl\u00fcsterwei\u00df und Savanne, Designerpapier und Kartenset &#8222;Meer der M\u00f6glichkeiten&#8220; und ein St\u00fcck gestreifte Kordel in Marineblau\/Sahara.<\/p>\n\n\n<p>Und das ist daraus entstanden:<\/p>\n\n\n\n<figure class=\"wp-block-image\"><img loading=\"lazy\" decoding=\"async\" width=\"800\" height=\"600\" src=\"https:\/\/dorispichler.at\/blog\/wp-content\/uploads\/2019\/08\/0819dorisPichler_8871.jpg\" alt=\"kreativ-brief-koffer\" class=\"wp-image-9191\" srcset=\"https:\/\/dorispichler.at\/blog\/wp-content\/uploads\/2019\/08\/0819dorisPichler_8871.jpg 800w, https:\/\/dorispichler.at\/blog\/wp-content\/uploads\/2019\/08\/0819dorisPichler_8871-150x113.jpg 150w, https:\/\/dorispichler.at\/blog\/wp-content\/uploads\/2019\/08\/0819dorisPichler_8871-300x225.jpg 300w, https:\/\/dorispichler.at\/blog\/wp-content\/uploads\/2019\/08\/0819dorisPichler_8871-768x576.jpg 768w, https:\/\/dorispichler.at\/blog\/wp-content\/uploads\/2019\/08\/0819dorisPichler_8871-600x450.jpg 600w, https:\/\/dorispichler.at\/blog\/wp-content\/uploads\/2019\/08\/0819dorisPichler_8871-533x400.jpg 533w\" sizes=\"(max-width: 800px) 100vw, 800px\" \/><\/figure>\n\n\n\n<h5 class=\"wp-block-heading\">Mein Kreativ-Brief-Koffer<\/h5>\n\n\n\n<p>Aus dem Farbkarton in Savanne habe ich die Grundform des Koffers gemacht und das Designerpapier auf den sichtbaren Seiten aufgeklebt.<\/p>\n\n\n\n<p>Aus dem wei\u00dfen Farbkarton habe ich dann sechs 1-Zoll-Kreise ausgestanzt, mittig gefalzt, geschnitten und aufgeklebt (4x \u00be-Kreis, 4x \u00bd-Kreis, 4x \u00bc-Kreis).<\/p>\n\n\n\n<p>Zum Schluss noch die Gurte und den Henkel aufkleben. Jetzt noch den Spruch stempeln (aus dem Stempelset &#8222;\u00dcber den Wolken&#8220;) und mit einem St\u00fcck Designerpapierrest hinterkleben. Loch stanzen und Kordel durchf\u00e4deln. Fertig ist der Koffer.<\/p>\n\n\n\n<p><p>Das beigelegte K\u00e4rtchen habe ich mit den &#8222;Bestickten Rechtecken&#8220; ausgestanzt, gelocht, mit Kordel versehen und in den Koffer gelegt. Auf der R\u00fcckseite ist noch Platz f\u00fcr ein paar Zeilen \u2026<\/p><\/p>\n\n\n\n<p>Hier noch ein paar Fotos von meinem Koffer:<\/p>\n\n\n\n<ul class=\"wp-block-gallery columns-2 wp-block-gallery-1 is-layout-flex wp-block-gallery-is-layout-flex\"><li class=\"blocks-gallery-item\"><figure><a ref=\"magnificPopup\" href=\"https:\/\/dorispichler.at\/blog\/wp-content\/uploads\/2019\/08\/0819dorisPichler_8869.jpg\"><img loading=\"lazy\" decoding=\"async\" width=\"600\" height=\"800\" src=\"https:\/\/dorispichler.at\/blog\/wp-content\/uploads\/2019\/08\/0819dorisPichler_8869.jpg\" alt=\"kreativ-brief-84\" data-id=\"9190\" data-link=\"https:\/\/dorispichler.at\/blog\/?attachment_id=9190\" class=\"wp-image-9190\" srcset=\"https:\/\/dorispichler.at\/blog\/wp-content\/uploads\/2019\/08\/0819dorisPichler_8869.jpg 600w, https:\/\/dorispichler.at\/blog\/wp-content\/uploads\/2019\/08\/0819dorisPichler_8869-113x150.jpg 113w, https:\/\/dorispichler.at\/blog\/wp-content\/uploads\/2019\/08\/0819dorisPichler_8869-225x300.jpg 225w, https:\/\/dorispichler.at\/blog\/wp-content\/uploads\/2019\/08\/0819dorisPichler_8869-450x600.jpg 450w, https:\/\/dorispichler.at\/blog\/wp-content\/uploads\/2019\/08\/0819dorisPichler_8869-150x200.jpg 150w, https:\/\/dorispichler.at\/blog\/wp-content\/uploads\/2019\/08\/0819dorisPichler_8869-300x400.jpg 300w\" sizes=\"(max-width: 600px) 100vw, 600px\" \/><\/a><\/figure><\/li><li class=\"blocks-gallery-item\"><figure><a ref=\"magnificPopup\" href=\"https:\/\/dorispichler.at\/blog\/wp-content\/uploads\/2019\/08\/0819dorisPichler_8867.jpg\"><img loading=\"lazy\" decoding=\"async\" width=\"700\" height=\"700\" src=\"https:\/\/dorispichler.at\/blog\/wp-content\/uploads\/2019\/08\/0819dorisPichler_8867.jpg\" alt=\"kreativ-brief-83\" data-id=\"9189\" data-link=\"https:\/\/dorispichler.at\/blog\/?attachment_id=9189\" class=\"wp-image-9189\" srcset=\"https:\/\/dorispichler.at\/blog\/wp-content\/uploads\/2019\/08\/0819dorisPichler_8867.jpg 700w, https:\/\/dorispichler.at\/blog\/wp-content\/uploads\/2019\/08\/0819dorisPichler_8867-150x150.jpg 150w, https:\/\/dorispichler.at\/blog\/wp-content\/uploads\/2019\/08\/0819dorisPichler_8867-300x300.jpg 300w, https:\/\/dorispichler.at\/blog\/wp-content\/uploads\/2019\/08\/0819dorisPichler_8867-600x600.jpg 600w, https:\/\/dorispichler.at\/blog\/wp-content\/uploads\/2019\/08\/0819dorisPichler_8867-350x350.jpg 350w, https:\/\/dorispichler.at\/blog\/wp-content\/uploads\/2019\/08\/0819dorisPichler_8867-400x400.jpg 400w\" sizes=\"(max-width: 700px) 100vw, 700px\" \/><\/a><\/figure><\/li><li class=\"blocks-gallery-item\"><figure><a ref=\"magnificPopup\" href=\"https:\/\/dorispichler.at\/blog\/wp-content\/uploads\/2019\/08\/0819dorisPichler_8864.jpg\"><img loading=\"lazy\" decoding=\"async\" width=\"800\" height=\"600\" src=\"https:\/\/dorispichler.at\/blog\/wp-content\/uploads\/2019\/08\/0819dorisPichler_8864.jpg\" alt=\"kreativ-brief-82\" data-id=\"9188\" data-link=\"https:\/\/dorispichler.at\/blog\/?attachment_id=9188\" class=\"wp-image-9188\" srcset=\"https:\/\/dorispichler.at\/blog\/wp-content\/uploads\/2019\/08\/0819dorisPichler_8864.jpg 800w, https:\/\/dorispichler.at\/blog\/wp-content\/uploads\/2019\/08\/0819dorisPichler_8864-150x113.jpg 150w, https:\/\/dorispichler.at\/blog\/wp-content\/uploads\/2019\/08\/0819dorisPichler_8864-300x225.jpg 300w, https:\/\/dorispichler.at\/blog\/wp-content\/uploads\/2019\/08\/0819dorisPichler_8864-768x576.jpg 768w, https:\/\/dorispichler.at\/blog\/wp-content\/uploads\/2019\/08\/0819dorisPichler_8864-600x450.jpg 600w, https:\/\/dorispichler.at\/blog\/wp-content\/uploads\/2019\/08\/0819dorisPichler_8864-533x400.jpg 533w\" sizes=\"(max-width: 800px) 100vw, 800px\" \/><\/a><\/figure><\/li><\/ul>\n\n\n\n<p>Am Ende des Beitrags findet ihr wieder eine Liste mit allen verwendeten Materialien.  Alles Liebe eure *)Doris~<\/p>\n\n\n\n<p>Und jetzt lasst euch von den Werken meiner Mitbastlerinnen begeistern. Dieses Mal hat <a href=\"http:\/\/www.papierformart.at\/2019\/09\/kreativ-brief-auflosung-august.html\" target=\"_blank\" rel=\"noreferrer noopener\" aria-label=\"Ren\u00e9e \u00bb (\u00f6ffnet in neuem Tab)\">Ren\u00e9e \u00bb<\/a><a rel=\"noreferrer noopener\" aria-label=\"Ren\u00e9e \u00bb  (\u00f6ffnet in neuem Tab)\" href=\"http:\/\/www.papierformart.at\/2019\/05\/kreativ-brief-auflosung-april.html\" target=\"_blank\"> <\/a>die Beitr\u00e4ge f\u00fcr uns zusammengefasst.<\/p>\n\n\n[vc_separator type=&#8220;short&#8220; size=&#8220;small&#8220; icon=&#8220;eye&#8220;]\n\n\n\n<p>Kreativ-Brief Materialliste \u2013 mit einem Klick auf \u201eSupply List\u201c herunterladen<\/p>\n\n\n\n<div><div><div id=\"30fbace5-8bd5-4377-bad9-6b66943d7434\"><iframe class=\"iframe-showcase\" src=\"https:\/\/mystampinblog.com\/Showcase\/Details\/fb7d16ce-2cbb-481e-a221-5533aee57a59?layout=Carousel&amp;showSku=True&amp;showPrice=True&amp;showDownload=True&amp;transparent=False&amp;bordered=True&amp;hFontHeight=0&amp;rFontHeight=0&amp;imageHeight=120&amp;middleContent=False\" frameborder=\"0\" scrolling=\"no\" allowtransparency=\"true\" style=\"width:100%\"><\/iframe><\/div><script src=\"https:\/\/mystampinblog.com\/Script\/ShowcaseDetailsScript\"><\/script><\/div><\/div>\n","protected":false},"excerpt":{"rendered":"<p>Mein August-Materialpaket war gef\u00fcllt mit Farbkarton in Fl\u00fcsterwei\u00df und Savanne, Designerpapier und Kartenset &#8222;Meer der M\u00f6glichkeiten&#8220; und ein St\u00fcck gestreifte Kordel in Marineblau\/Sahara. Und das ist daraus entstanden: Mein Kreativ-Brief-Koffer Aus dem Farbkarton in Savanne habe ich die Grundform des Koffers gemacht und das Designerpapier auf den sichtbaren Seiten aufgeklebt. Aus dem wei\u00dfen Farbkarton habe&#8230;<\/p>\n","protected":false},"author":1,"featured_media":0,"comment_status":"open","ping_status":"closed","sticky":false,"template":"","format":"standard","meta":{"footnotes":""},"categories":[82,51],"tags":[],"class_list":["post-9187","post","type-post","status-publish","format-standard","hentry","category-kreativ-brief","category-stampinup"],"_links":{"self":[{"href":"https:\/\/dorispichler.at\/blog\/wp-json\/wp\/v2\/posts\/9187"}],"collection":[{"href":"https:\/\/dorispichler.at\/blog\/wp-json\/wp\/v2\/posts"}],"about":[{"href":"https:\/\/dorispichler.at\/blog\/wp-json\/wp\/v2\/types\/post"}],"author":[{"embeddable":true,"href":"https:\/\/dorispichler.at\/blog\/wp-json\/wp\/v2\/users\/1"}],"replies":[{"embeddable":true,"href":"https:\/\/dorispichler.at\/blog\/wp-json\/wp\/v2\/comments?post=9187"}],"version-history":[{"count":0,"href":"https:\/\/dorispichler.at\/blog\/wp-json\/wp\/v2\/posts\/9187\/revisions"}],"wp:attachment":[{"href":"https:\/\/dorispichler.at\/blog\/wp-json\/wp\/v2\/media?parent=9187"}],"wp:term":[{"taxonomy":"category","embeddable":true,"href":"https:\/\/dorispichler.at\/blog\/wp-json\/wp\/v2\/categories?post=9187"},{"taxonomy":"post_tag","embeddable":true,"href":"https:\/\/dorispichler.at\/blog\/wp-json\/wp\/v2\/tags?post=9187"}],"curies":[{"name":"wp","href":"https:\/\/api.w.org\/{rel}","templated":true}]}}