{"id":9080,"date":"2019-08-20T06:00:04","date_gmt":"2019-08-20T04:00:04","guid":{"rendered":"http:\/\/www.dorispichler.at\/blog\/?p=9080"},"modified":"2019-08-20T16:13:13","modified_gmt":"2019-08-20T14:13:13","slug":"bloghop-woche-sommer-tag2","status":"publish","type":"post","link":"https:\/\/dorispichler.at\/blog\/bloghop-woche-sommer-tag2\/","title":{"rendered":"Bloghop-Woche &#8211; Sommer &#8211; Tag 2"},"content":{"rendered":"<p><img loading=\"lazy\" decoding=\"async\" id=\"rechts\" class=\"wp-image-8216 size-full aligncenter\" src=\"https:\/\/dorispichler.at\/blog\/wp-content\/uploads\/2019\/01\/2019_BHW_banner.jpg\" alt=\"bloghop-woche bannerbutton\" width=\"640\" height=\"455\" srcset=\"https:\/\/dorispichler.at\/blog\/wp-content\/uploads\/2019\/01\/2019_BHW_banner.jpg 640w, https:\/\/dorispichler.at\/blog\/wp-content\/uploads\/2019\/01\/2019_BHW_banner-150x107.jpg 150w, https:\/\/dorispichler.at\/blog\/wp-content\/uploads\/2019\/01\/2019_BHW_banner-300x213.jpg 300w, https:\/\/dorispichler.at\/blog\/wp-content\/uploads\/2019\/01\/2019_BHW_banner-600x427.jpg 600w, https:\/\/dorispichler.at\/blog\/wp-content\/uploads\/2019\/01\/2019_BHW_banner-563x400.jpg 563w\" sizes=\"(max-width: 640px) 100vw, 640px\" \/><\/p>\n<p>Herzlich willkommen bei einer neuen Bloghop-Woche unseres Teams. Ich freue mich, dass du unserer Bloghop-Runde folgst.<\/p>\n<p>Das Team Astrids-Papiereuphorie pr\u00e4sentiert Produkte aus dem neuen <strong>Jahreskatalog 2019-2020.<\/strong> Unsere Vorgaben f\u00fcr diese Woche:<\/p>\n<blockquote>\n<p>Verwendet neue Produkte aus dem aktuellen Jahreskatalog<\/p>\n<\/blockquote>\n<p><!-- Ende Materialliste --><\/p>\n\n\n<h5 class=\"wp-block-heading\">Tag 2: Minik\u00e4rtchen (gepr\u00e4gter Hintergrund)<\/h5>\n\n\n\n<p>Und das ist meine Umsetzung:<\/p>\n\n\n\n<figure class=\"wp-block-image\"><a ref=\"magnificPopup\" href=\"https:\/\/dorispichler.at\/blog\/wp-content\/uploads\/2019\/08\/20di_8626.jpg\"><img loading=\"lazy\" decoding=\"async\" width=\"700\" height=\"700\" src=\"https:\/\/dorispichler.at\/blog\/wp-content\/uploads\/2019\/08\/20di_8626.jpg\" alt=\"bloghop-woche-tag2\" class=\"wp-image-9062\" srcset=\"https:\/\/dorispichler.at\/blog\/wp-content\/uploads\/2019\/08\/20di_8626.jpg 700w, https:\/\/dorispichler.at\/blog\/wp-content\/uploads\/2019\/08\/20di_8626-150x150.jpg 150w, https:\/\/dorispichler.at\/blog\/wp-content\/uploads\/2019\/08\/20di_8626-300x300.jpg 300w, https:\/\/dorispichler.at\/blog\/wp-content\/uploads\/2019\/08\/20di_8626-600x600.jpg 600w, https:\/\/dorispichler.at\/blog\/wp-content\/uploads\/2019\/08\/20di_8626-350x350.jpg 350w, https:\/\/dorispichler.at\/blog\/wp-content\/uploads\/2019\/08\/20di_8626-400x400.jpg 400w\" sizes=\"(max-width: 700px) 100vw, 700px\" \/><\/a><\/figure>\n\n\n\n<p>Dieses Minik\u00e4rtchen mit den Ma\u00dfen 7 x 7 cm habe ich mit dem Produktpaket &#8222;Kreativit\u00e4t verbindet&#8220; und den neuen InColors &#8222;Rokoko-Rosa&#8220; und &#8222;Flieder&#8220; gestaltet.<br><\/p>\n\n\n\n<p>Den fliederfarbenen Hintergrund habe ich mit der Pr\u00e4geform &#8222;Knopf an Knopf&#8220; gepr\u00e4gt. Die gestempelten B\u00e4nder und der Spruch stammen aus dem Stempelset &#8222;Kreativit\u00e4t verbindet&#8220;. <\/p>\n\n\n\n<p>Mehr zu diesem tollen Produktpaket findet ihr im Jahreskatalog ab Seite 52.<\/p>\n\n\n\n<p>Das &#8222;Geraffte Geschenkband&#8220; in Rokoko-Rosa ist im Jahreskatalog auf Seite 175 zu finden.<\/p>\n\n\n\n<p>Wie ich die Minik\u00e4rtchen zuschneide, seht ihr in diesem <a href=\"https:\/\/youtu.be\/Blkw2gFFa1k\">Video \u00bb<\/a><\/p>\n\n\n\n<p>Eine Auflistung aller verwendeten Materialien findet ihr wie immer am Ende des Beitrags. Morgen geht unsere Bloghop-Woche weiter mit  einem &#8222;Minibook&#8220;.<\/p>\n\n\n\n<div class=\"wp-block-image\"><figure class=\"aligncenter\"><a href=\"http:\/\/papierparty.blogspot.com\" target=\"_blank\" rel=\"noreferrer noopener\"><img loading=\"lazy\" decoding=\"async\" width=\"120\" height=\"120\" src=\"https:\/\/dorispichler.at\/blog\/wp-content\/uploads\/2019\/01\/2019_BHW_next.jpg\" alt=\"bloghop-woche nextbutton\" class=\"wp-image-8217\"\/><\/a><\/figure><\/div>\n\n\n\n<p style=\"text-align:center\"><br><a rel=\"noreferrer noopener\" aria-label=\" (\u00f6ffnet in neuem Tab)\" href=\"http:\/\/papierparty.blogspot.com\" target=\"_blank\">Und jetzt wird weiter geh\u00fcpft&nbsp;zu&nbsp;Agnes<\/a><\/p>\n\n\n[vc_separator type=&#8220;short&#8220; size=&#8220;small&#8220; icon=&#8220;eye&#8220;]\n\n\n\n<p>Bloghop-Woche Materialliste &#8211; mit einem Klick auf &#8222;Supply List&#8220; herunterladen oder mit einem Klick auf die Abbildung direkt ins Shop springen.<\/p>\n\n\n\n<div><div><div id=\"a092a57a-e270-46e8-8503-a86dfec30bc8\"><iframe class=\"iframe-showcase\" src=\"https:\/\/mystampinblog.com\/Showcase\/Details\/dfb33ecd-33e6-42cd-a553-01211f88e505?layout=Carousel&amp;showSku=True&amp;showPrice=True&amp;showDownload=True&amp;transparent=False&amp;bordered=True&amp;hFontHeight=0&amp;rFontHeight=0&amp;imageHeight=120&amp;middleContent=False\" frameborder=\"0\" scrolling=\"no\" allowtransparency=\"true\" style=\"width:100%\"><\/iframe><\/div><script src=\"https:\/\/mystampinblog.com\/Script\/ShowcaseDetailsScript\"><\/script><\/div><\/div>\n","protected":false},"excerpt":{"rendered":"<p>Herzlich willkommen bei einer neuen Bloghop-Woche unseres Teams. Ich freue mich, dass du unserer Bloghop-Runde folgst. Das Team Astrids-Papiereuphorie pr\u00e4sentiert Produkte aus dem neuen Jahreskatalog 2019-2020. Unsere Vorgaben f\u00fcr diese Woche: Verwendet neue Produkte aus dem aktuellen Jahreskatalog Tag 2: Minik\u00e4rtchen (gepr\u00e4gter Hintergrund) Und das ist meine Umsetzung: Dieses Minik\u00e4rtchen mit den Ma\u00dfen 7 x&#8230;<\/p>\n","protected":false},"author":1,"featured_media":0,"comment_status":"open","ping_status":"closed","sticky":false,"template":"","format":"standard","meta":{"footnotes":""},"categories":[94,51],"tags":[],"class_list":["post-9080","post","type-post","status-publish","format-standard","hentry","category-blog-hop-woche","category-stampinup"],"_links":{"self":[{"href":"https:\/\/dorispichler.at\/blog\/wp-json\/wp\/v2\/posts\/9080"}],"collection":[{"href":"https:\/\/dorispichler.at\/blog\/wp-json\/wp\/v2\/posts"}],"about":[{"href":"https:\/\/dorispichler.at\/blog\/wp-json\/wp\/v2\/types\/post"}],"author":[{"embeddable":true,"href":"https:\/\/dorispichler.at\/blog\/wp-json\/wp\/v2\/users\/1"}],"replies":[{"embeddable":true,"href":"https:\/\/dorispichler.at\/blog\/wp-json\/wp\/v2\/comments?post=9080"}],"version-history":[{"count":0,"href":"https:\/\/dorispichler.at\/blog\/wp-json\/wp\/v2\/posts\/9080\/revisions"}],"wp:attachment":[{"href":"https:\/\/dorispichler.at\/blog\/wp-json\/wp\/v2\/media?parent=9080"}],"wp:term":[{"taxonomy":"category","embeddable":true,"href":"https:\/\/dorispichler.at\/blog\/wp-json\/wp\/v2\/categories?post=9080"},{"taxonomy":"post_tag","embeddable":true,"href":"https:\/\/dorispichler.at\/blog\/wp-json\/wp\/v2\/tags?post=9080"}],"curies":[{"name":"wp","href":"https:\/\/api.w.org\/{rel}","templated":true}]}}