{"id":6797,"date":"2017-10-24T09:22:38","date_gmt":"2017-10-24T07:22:38","guid":{"rendered":"http:\/\/www.dorispichler.at\/blog\/?p=6797"},"modified":"2017-10-24T09:32:39","modified_gmt":"2017-10-24T07:32:39","slug":"basteldienstag-eichelkoepfe","status":"publish","type":"post","link":"https:\/\/dorispichler.at\/blog\/basteldienstag-eichelkoepfe\/","title":{"rendered":"Basteldienstag &#8211; Eichelk\u00f6pfe"},"content":{"rendered":"<p><a ref=\"magnificPopup\" href=\"https:\/\/dorispichler.at\/blog\/wp-content\/uploads\/2017\/10\/IMG_2687.jpg\"><img loading=\"lazy\" decoding=\"async\" class=\"size-full wp-image-6798 aligncenter\" src=\"https:\/\/dorispichler.at\/blog\/wp-content\/uploads\/2017\/10\/IMG_2687.jpg\" alt=\"eichelkoepfe\" width=\"1200\" height=\"477\" \/><\/a><\/p>\n<h5>PunchArt im Kurkuma<\/h5>\n<p>Durch die Kombinationen verschiedener Stanzen entstehen immer wieder neue K\u00f6pfe. Grundstanze f\u00fcr die Kopfform ist die Elementstanze &#8222;Eichel&#8220;, deshalb habe ich meinen Figuren den Namen &#8222;Eichelk\u00f6pfe&#8220; gegeben. Wie ihr seht, sind der Fantasie keine Grenzen gesetzt. Ich bin schon gespannt, was meine Kursteilnehmerinnen noch so alles einf\u00e4llt. Die T-Shirts und Blusen m\u00fcssen nat\u00fcrlich auch noch gestaltet werden \u2026<\/p>\n<p>Kommt einfach vorbei \u2013 jede\/r ist herzlich willkommen \u2013 ob zum Basteln oder einfach nur zum Tratschen \u2013 viel Spa\u00df garantiert!<\/p>\n<p><em><strong>Achtung! Der Basteldienstag ist nur f\u00fcr Erwachsene gedacht!<\/strong><\/em><\/p>\n<p><em>Hier nochmals die Details: Auszeit vom hektischen Alltag und in gem\u00fctlicher Runde kreativ sein: Doris Pichler zeigt in ihren Workshops, wie man mit einfachen Mitteln individuelle Karten und Verpackungen gestalten kann. <\/em><\/p>\n<p><em>Basteln f\u00fcr Erwachsene | 5.9. \u2013 21.11.2017 | 15:00-18:00 Uhr | jeden Dienstag | Caf\u00e9 Kurkuma | Metzgergasse 9 | 5400 Hallein.<\/em><br \/>\n<em>Unkostenbeitrag: \u20ac 5,\u2013 pro Person und Veranstaltung, zuz\u00fcglich Konsumation im Caf\u00e9. Keine Vorkenntnisse erforderlich.<\/em><br \/>\n<em>Im Caf\u00e9 gibt es eine Kinderspielecke, gr\u00f6\u00dfere Kinder k\u00f6nnen auch beim Basteln mithelfen.<\/em><\/p>\n","protected":false},"excerpt":{"rendered":"<p>PunchArt im Kurkuma Durch die Kombinationen verschiedener Stanzen entstehen immer wieder neue K\u00f6pfe. Grundstanze f\u00fcr die Kopfform ist die Elementstanze &#8222;Eichel&#8220;, deshalb habe ich meinen Figuren den Namen &#8222;Eichelk\u00f6pfe&#8220; gegeben. Wie ihr seht, sind der Fantasie keine Grenzen gesetzt. Ich bin schon gespannt, was meine Kursteilnehmerinnen noch so alles einf\u00e4llt. Die T-Shirts und Blusen m\u00fcssen&#8230;<\/p>\n","protected":false},"author":1,"featured_media":0,"comment_status":"open","ping_status":"closed","sticky":false,"template":"","format":"standard","meta":{"footnotes":""},"categories":[75,76,51],"tags":[],"class_list":["post-6797","post","type-post","status-publish","format-standard","hentry","category-basteldienstag","category-herz-fuer-hallein","category-stampinup"],"_links":{"self":[{"href":"https:\/\/dorispichler.at\/blog\/wp-json\/wp\/v2\/posts\/6797"}],"collection":[{"href":"https:\/\/dorispichler.at\/blog\/wp-json\/wp\/v2\/posts"}],"about":[{"href":"https:\/\/dorispichler.at\/blog\/wp-json\/wp\/v2\/types\/post"}],"author":[{"embeddable":true,"href":"https:\/\/dorispichler.at\/blog\/wp-json\/wp\/v2\/users\/1"}],"replies":[{"embeddable":true,"href":"https:\/\/dorispichler.at\/blog\/wp-json\/wp\/v2\/comments?post=6797"}],"version-history":[{"count":0,"href":"https:\/\/dorispichler.at\/blog\/wp-json\/wp\/v2\/posts\/6797\/revisions"}],"wp:attachment":[{"href":"https:\/\/dorispichler.at\/blog\/wp-json\/wp\/v2\/media?parent=6797"}],"wp:term":[{"taxonomy":"category","embeddable":true,"href":"https:\/\/dorispichler.at\/blog\/wp-json\/wp\/v2\/categories?post=6797"},{"taxonomy":"post_tag","embeddable":true,"href":"https:\/\/dorispichler.at\/blog\/wp-json\/wp\/v2\/tags?post=6797"}],"curies":[{"name":"wp","href":"https:\/\/api.w.org\/{rel}","templated":true}]}}