{"id":6741,"date":"2017-10-10T08:50:38","date_gmt":"2017-10-10T06:50:38","guid":{"rendered":"http:\/\/www.dorispichler.at\/blog\/?p=6741"},"modified":"2017-10-10T08:50:38","modified_gmt":"2017-10-10T06:50:38","slug":"herbst","status":"publish","type":"post","link":"https:\/\/dorispichler.at\/blog\/herbst\/","title":{"rendered":"Basteldienstag &#8211; Herbst-liche Gr\u00fc\u00dfe"},"content":{"rendered":"<p><a ref=\"magnificPopup\" href=\"https:\/\/dorispichler.at\/blog\/wp-content\/uploads\/2017\/10\/CIMG4578.jpg\"><img decoding=\"async\" class=\"alignleft size-full wp-image-6742\" src=\"https:\/\/dorispichler.at\/blog\/wp-content\/uploads\/2017\/10\/CIMG4578.jpg\" alt=\"Herbst-liche Gr\u00fc\u00dfe\" width=\"100%\" height=\"auto\" \/><\/a><\/p>\n<h5>Eine Kiste voller Ideen f\u00fcr den Herbst<\/h5>\n<p>Bunte Bl\u00e4tter, reife Fr\u00fcchte \u2026 wir k\u00f6nnen uns voll und ganz in der Farbpalette austoben.<\/p>\n<p>Kommt einfach vorbei \u2013 jede\/r ist herzlich willkommen \u2013 ob zum Basteln oder einfach nur zum Tratschen \u2013 viel Spa\u00df garantiert!<\/p>\n<p><em><strong>Achtung! Der Basteldienstag ist nur f\u00fcr Erwachsene gedacht!<\/strong><\/em><\/p>\n<p><em>Hier nochmals die Details: Auszeit vom hektischen Alltag und in gem\u00fctlicher Runde kreativ sein: Doris Pichler zeigt in ihren Workshops, wie man mit einfachen Mitteln individuelle Karten und Verpackungen gestalten kann. <\/em><\/p>\n<p><em>Basteln f\u00fcr Erwachsene | 5.9. \u2013 21.11.2017 | 15:00-18:00 Uhr | jeden Dienstag | Caf\u00e9 Kurkuma | Metzgergasse 9 | 5400 Hallein.<\/em><br \/>\n<em>Unkostenbeitrag: \u20ac 5,\u2013 pro Person und Veranstaltung, zuz\u00fcglich Konsumation im Caf\u00e9. Keine Vorkenntnisse erforderlich.<\/em><br \/>\n<em>Im Caf\u00e9 gibt es eine Kinderspielecke, gr\u00f6\u00dfere Kinder k\u00f6nnen auch beim Basteln mithelfen.<\/em><\/p>\n","protected":false},"excerpt":{"rendered":"<p>Eine Kiste voller Ideen f\u00fcr den Herbst Bunte Bl\u00e4tter, reife Fr\u00fcchte \u2026 wir k\u00f6nnen uns voll und ganz in der Farbpalette austoben. Kommt einfach vorbei \u2013 jede\/r ist herzlich willkommen \u2013 ob zum Basteln oder einfach nur zum Tratschen \u2013 viel Spa\u00df garantiert! Achtung! Der Basteldienstag ist nur f\u00fcr Erwachsene gedacht! Hier nochmals die Details:&#8230;<\/p>\n","protected":false},"author":1,"featured_media":0,"comment_status":"open","ping_status":"closed","sticky":false,"template":"","format":"standard","meta":{"footnotes":""},"categories":[75,76,51],"tags":[],"class_list":["post-6741","post","type-post","status-publish","format-standard","hentry","category-basteldienstag","category-herz-fuer-hallein","category-stampinup"],"_links":{"self":[{"href":"https:\/\/dorispichler.at\/blog\/wp-json\/wp\/v2\/posts\/6741"}],"collection":[{"href":"https:\/\/dorispichler.at\/blog\/wp-json\/wp\/v2\/posts"}],"about":[{"href":"https:\/\/dorispichler.at\/blog\/wp-json\/wp\/v2\/types\/post"}],"author":[{"embeddable":true,"href":"https:\/\/dorispichler.at\/blog\/wp-json\/wp\/v2\/users\/1"}],"replies":[{"embeddable":true,"href":"https:\/\/dorispichler.at\/blog\/wp-json\/wp\/v2\/comments?post=6741"}],"version-history":[{"count":0,"href":"https:\/\/dorispichler.at\/blog\/wp-json\/wp\/v2\/posts\/6741\/revisions"}],"wp:attachment":[{"href":"https:\/\/dorispichler.at\/blog\/wp-json\/wp\/v2\/media?parent=6741"}],"wp:term":[{"taxonomy":"category","embeddable":true,"href":"https:\/\/dorispichler.at\/blog\/wp-json\/wp\/v2\/categories?post=6741"},{"taxonomy":"post_tag","embeddable":true,"href":"https:\/\/dorispichler.at\/blog\/wp-json\/wp\/v2\/tags?post=6741"}],"curies":[{"name":"wp","href":"https:\/\/api.w.org\/{rel}","templated":true}]}}