{"id":6624,"date":"2017-09-05T06:00:52","date_gmt":"2017-09-05T04:00:52","guid":{"rendered":"http:\/\/www.dorispichler.at\/blog\/?p=6624"},"modified":"2017-09-05T18:35:30","modified_gmt":"2017-09-05T16:35:30","slug":"toskana-2","status":"publish","type":"post","link":"https:\/\/dorispichler.at\/blog\/toskana-2\/","title":{"rendered":"Basteldienstag &#8211; Toskana"},"content":{"rendered":"<figure id=\"attachment_6625\" aria-describedby=\"caption-attachment-6625\" style=\"width: 1000px\" class=\"wp-caption alignleft\"><a ref=\"magnificPopup\" href=\"https:\/\/dorispichler.at\/blog\/wp-content\/uploads\/2017\/09\/fb_toskana.jpg\"><img loading=\"lazy\" decoding=\"async\" class=\"size-full wp-image-6625\" src=\"https:\/\/dorispichler.at\/blog\/wp-content\/uploads\/2017\/09\/fb_toskana.jpg\" alt=\"toskana\" width=\"1000\" height=\"520\" \/><\/a><figcaption id=\"caption-attachment-6625\" class=\"wp-caption-text\">Malerische Landschaften in der Toskana<\/figcaption><\/figure>\n<p>Nach der langen Sommerpause startet heute wieder der BastelDienstag im Caf\u00e9 Kurkuma in Hallein. Unser Motto heute: &#8222;Toskana&#8220;<\/p>\n<p>Sanfte H\u00fcgel, wundervolle Naturlandschaften, reife Trauben, unz\u00e4hlige Weinst\u00f6cke, malerische Weing\u00fcter \u2026 das ist die Toskana<\/p>\n<p>Kommt einfach vorbei \u2013 jede\/r ist herzlich willkommen \u2013 ob zum Basteln oder einfach nur zum Tratschen \u2013 viel Spa\u00df garantiert!<\/p>\n<p><em><strong>Achtung! Der Basteldienstag ist nur f\u00fcr Erwachsene gedacht!<\/strong><\/em><\/p>\n<p><em>Hier nochmals die Details: Auszeit vom hektischen Alltag und in gem\u00fctlicher Runde kreativ sein: Doris Pichler zeigt in ihren Workshops, wie man mit einfachen Mitteln individuelle Karten und Verpackungen gestalten kann. <\/em><\/p>\n<p><em>Basteln f\u00fcr Erwachsene | 5.9. \u2013 21.11.2017 | 15:00-18:00 Uhr | jeden Dienstag | Caf\u00e9 Kurkuma | Metzgergasse 9 | 5400 Hallein.<\/em><br \/>\n<em> Unkostenbeitrag: \u20ac 5,\u2013 pro Person und Veranstaltung, zuz\u00fcglich Konsumation im Caf\u00e9. Keine Vorkenntnisse erforderlich.<\/em><br \/>\n<em> Im Caf\u00e9 gibt es eine Kinderspielecke, gr\u00f6\u00dfere Kinder k\u00f6nnen auch beim Basteln mithelfen.<\/em><\/p>\n","protected":false},"excerpt":{"rendered":"<p>Nach der langen Sommerpause startet heute wieder der BastelDienstag im Caf\u00e9 Kurkuma in Hallein. Unser Motto heute: &#8222;Toskana&#8220; Sanfte H\u00fcgel, wundervolle Naturlandschaften, reife Trauben, unz\u00e4hlige Weinst\u00f6cke, malerische Weing\u00fcter \u2026 das ist die Toskana Kommt einfach vorbei \u2013 jede\/r ist herzlich willkommen \u2013 ob zum Basteln oder einfach nur zum Tratschen \u2013 viel Spa\u00df garantiert! Achtung!&#8230;<\/p>\n","protected":false},"author":1,"featured_media":0,"comment_status":"open","ping_status":"closed","sticky":false,"template":"","format":"standard","meta":{"footnotes":""},"categories":[75,85,51],"tags":[],"class_list":["post-6624","post","type-post","status-publish","format-standard","hentry","category-basteldienstag","category-events","category-stampinup"],"_links":{"self":[{"href":"https:\/\/dorispichler.at\/blog\/wp-json\/wp\/v2\/posts\/6624"}],"collection":[{"href":"https:\/\/dorispichler.at\/blog\/wp-json\/wp\/v2\/posts"}],"about":[{"href":"https:\/\/dorispichler.at\/blog\/wp-json\/wp\/v2\/types\/post"}],"author":[{"embeddable":true,"href":"https:\/\/dorispichler.at\/blog\/wp-json\/wp\/v2\/users\/1"}],"replies":[{"embeddable":true,"href":"https:\/\/dorispichler.at\/blog\/wp-json\/wp\/v2\/comments?post=6624"}],"version-history":[{"count":0,"href":"https:\/\/dorispichler.at\/blog\/wp-json\/wp\/v2\/posts\/6624\/revisions"}],"wp:attachment":[{"href":"https:\/\/dorispichler.at\/blog\/wp-json\/wp\/v2\/media?parent=6624"}],"wp:term":[{"taxonomy":"category","embeddable":true,"href":"https:\/\/dorispichler.at\/blog\/wp-json\/wp\/v2\/categories?post=6624"},{"taxonomy":"post_tag","embeddable":true,"href":"https:\/\/dorispichler.at\/blog\/wp-json\/wp\/v2\/tags?post=6624"}],"curies":[{"name":"wp","href":"https:\/\/api.w.org\/{rel}","templated":true}]}}