{"id":6374,"date":"2017-06-13T06:00:13","date_gmt":"2017-06-13T04:00:13","guid":{"rendered":"http:\/\/www.dorispichler.at\/blog\/?p=6374"},"modified":"2017-06-12T11:44:02","modified_gmt":"2017-06-12T09:44:02","slug":"basteldienstag-kueche","status":"publish","type":"post","link":"https:\/\/dorispichler.at\/blog\/basteldienstag-kueche\/","title":{"rendered":"Basteldienstag &#8211; K\u00fcche"},"content":{"rendered":"<section class=\"l-section wpb_row height_medium\"><div class=\"l-section-h i-cf\"><div class=\"g-cols vc_row via_grid cols_2 laptops-cols_inherit tablets-cols_inherit mobiles-cols_1 valign_top type_boxes stacking_default\"><div class=\"wpb_column vc_column_container\"><div class=\"vc_column-inner\">[vc_single_image image=&#8220;6376&#8243; img_size=&#8220;full&#8220; img_link_large=&#8220;&#8220; img_link_new_tab=&#8220;1&#8243; img_link=&#8220;http:\/\/www2.stampinup.com\/ECWeb\/ProductDetails.aspx?productID=145307&amp;dbwsdemoid=5018300&#8243;]<\/div><\/div><div class=\"wpb_column vc_column_container\"><div class=\"vc_column-inner\"><div class=\"wpb_text_column\"><div class=\"wpb_wrapper\"><p><strong>Sondertermin Basteldienstag<\/strong><\/p>\n<h3>2 Jahre Caf\u00e9 Kurkuma<\/h3>\n<p>Iris hat f\u00fcr diesen Jubil\u00e4ums-Basteldienstag Basteleien zum Thema\u00a0&#8222;Gru\u00df aus der K\u00fcche&#8220; zusammengestellt.<\/p>\n<p>Mit dabei auch das tolle neue Produktpaket &#8222;Quartett F\u00fcrs Etikett&#8220; &#8211; Details erf\u00e4hrt ihr mit einem Klick auf das Produktbild \ud83d\ude42<\/p>\n<p>Kommt einfach vorbei &#8211; jede\/r ist herzlich willkommen &#8211; ob zum Basteln oder einfach nur zum Tratschen &#8211; viel Spa\u00df garantiert!<\/p>\n<\/div><\/div><\/div><\/div><\/div><\/div><\/section><section class=\"l-section wpb_row height_medium\"><div class=\"l-section-h i-cf\"><div class=\"g-cols vc_row via_grid cols_1 laptops-cols_inherit tablets-cols_inherit mobiles-cols_1 valign_top type_boxes stacking_default\"><div class=\"wpb_column vc_column_container\"><div class=\"vc_column-inner\">[vc_empty_space height=&#8220;16px&#8220;]<div class=\"wpb_text_column\"><div class=\"wpb_wrapper\"><div class=\"wpb_text_column \">\n<div class=\"wpb_wrapper\"><em><strong>Achtung! Der Basteldienstag ist nur f\u00fcr Erwachsene gedacht!<\/strong><\/em><\/div>\n<\/div>\n<div class=\"wpb_text_column \">\n<div class=\"wpb_wrapper\"><em>Hier nochmals die Details:\u00a0Der hecktische Alltag ist schnell vergessen, wenn man sich in Ruhe hinsetzt und kreative Karten und Verpackungen f\u00fcr jeden Anlass gestaltet.\u00a0In Ruhe Briefe auf selbst gestalteten Briefpapier schreiben, statt ein schnelles E-Mail zwischendurch verschicken. Nicht nur die Freude der Beschenkten ist garantiert!\u00a0<\/em><\/div>\n<div class=\"wpb_wrapper\"><\/div>\n<div class=\"wpb_wrapper\"><\/div>\n<div class=\"wpb_wrapper\"><em>Basteln f\u00fcr Erwachsene Sondertermin Dienstag, 13. Juni 2017 im Caf\u00e9 Kurkuma, Metzgergasse 9 in Hallein.<\/em><\/div>\n<div class=\"wpb_wrapper\"><em>Unkostenbeitrag: \u20ac 5,&#8211; pro Person und Veranstaltung, zuz\u00fcglich Konsumation im Caf\u00e9. Keine Vorkenntnisse erforderlich.<\/em>\u00a0<em>Im Caf\u00e9 gibt es eine Kinderspielecke, gr\u00f6\u00dfere Kinder k\u00f6nnen auch beim Basteln mithelfen.<\/em><\/div>\n<\/div>\n<\/div><\/div><\/div><\/div><\/div><\/div><\/section>\n","protected":false},"excerpt":{"rendered":"[vc_single_image image=\"6376\" img_size=\"full\" img_link_large=\"\" img_link_new_tab=\"1\" img_link=\"http:\/\/www2.stampinup.com\/ECWeb\/ProductDetails.aspx?productID=145307&amp;dbwsdemoid=5018300\"]Sondertermin Basteldienstag 2 Jahre Caf\u00e9 Kurkuma Iris hat f\u00fcr diesen Jubil\u00e4ums-Basteldienstag Basteleien zum Thema\u00a0&#8222;Gru\u00df aus der K\u00fcche&#8220; zusammengestellt. Mit dabei auch das tolle neue Produktpaket &#8222;Quartett F\u00fcrs Etikett&#8220; &#8211; Details erf\u00e4hrt ihr mit einem Klick auf das Produktbild \ud83d\ude42 Kommt einfach vorbei &#8211; jede\/r ist herzlich willkommen &#8211; ob zum...","protected":false},"author":1,"featured_media":0,"comment_status":"open","ping_status":"closed","sticky":false,"template":"","format":"standard","meta":{"footnotes":""},"categories":[75,67,51,72],"tags":[],"class_list":["post-6374","post","type-post","status-publish","format-standard","hentry","category-basteldienstag","category-sale-a-bration","category-stampinup","category-workshop"],"_links":{"self":[{"href":"https:\/\/dorispichler.at\/blog\/wp-json\/wp\/v2\/posts\/6374"}],"collection":[{"href":"https:\/\/dorispichler.at\/blog\/wp-json\/wp\/v2\/posts"}],"about":[{"href":"https:\/\/dorispichler.at\/blog\/wp-json\/wp\/v2\/types\/post"}],"author":[{"embeddable":true,"href":"https:\/\/dorispichler.at\/blog\/wp-json\/wp\/v2\/users\/1"}],"replies":[{"embeddable":true,"href":"https:\/\/dorispichler.at\/blog\/wp-json\/wp\/v2\/comments?post=6374"}],"version-history":[{"count":0,"href":"https:\/\/dorispichler.at\/blog\/wp-json\/wp\/v2\/posts\/6374\/revisions"}],"wp:attachment":[{"href":"https:\/\/dorispichler.at\/blog\/wp-json\/wp\/v2\/media?parent=6374"}],"wp:term":[{"taxonomy":"category","embeddable":true,"href":"https:\/\/dorispichler.at\/blog\/wp-json\/wp\/v2\/categories?post=6374"},{"taxonomy":"post_tag","embeddable":true,"href":"https:\/\/dorispichler.at\/blog\/wp-json\/wp\/v2\/tags?post=6374"}],"curies":[{"name":"wp","href":"https:\/\/api.w.org\/{rel}","templated":true}]}}