{"id":6284,"date":"2017-05-02T07:00:08","date_gmt":"2017-05-02T05:00:08","guid":{"rendered":"http:\/\/www.dorispichler.at\/blog\/?p=6284"},"modified":"2017-05-01T17:14:59","modified_gmt":"2017-05-01T15:14:59","slug":"mach-was-draus-april-2017","status":"publish","type":"post","link":"https:\/\/dorispichler.at\/blog\/mach-was-draus-april-2017\/","title":{"rendered":"Mach was draus | April 2017"},"content":{"rendered":"<section class=\"l-section wpb_row height_medium\"><div class=\"l-section-h i-cf\"><div class=\"g-cols vc_row via_grid cols_2 laptops-cols_inherit tablets-cols_inherit mobiles-cols_1 valign_top type_boxes stacking_default\"><div class=\"wpb_column vc_column_container\"><div class=\"vc_column-inner\">[vc_single_image img_size=&#8220;full&#8220; img_link_large=&#8220;yes&#8220; img_link_new_tab=&#8220;&#8220; image=&#8220;6297&#8243;]<\/div><\/div><div class=\"wpb_column vc_column_container\"><div class=\"vc_column-inner\"><div class=\"wpb_text_column\"><div class=\"wpb_wrapper\"><p>Mach was draus &#8211;\u00a0das\u00a0Aprilbrieferl \u00fcberraschte\u00a0dieses Mal mit einer\u00a0sehr &#8222;m\u00e4nnlichen&#8220; Farbkombi. Meine urspr\u00fcngliche Idee habe ich schnell verworfen \u2013\u00a0wird aber noch durchgef\u00fchrt, deshalb wird and dieser Stelle\u00a0noch\u00a0nichts verraten \ud83d\ude42<\/p>\n<p>Bald\u00a0kam mir\u00a0dann die Fensterschachtel in den Sinn und nach einigem T\u00fcfteln entstand dann diese Box mit Kaleidoskop-Deckel und Magnetverschluss.<\/p>\n<\/div><\/div><\/div><\/div><\/div><\/div><\/section><section class=\"l-section wpb_row height_medium\"><div class=\"l-section-h i-cf\"><div class=\"g-cols vc_row via_grid cols_1 laptops-cols_inherit tablets-cols_inherit mobiles-cols_1 valign_top type_boxes stacking_default\"><div class=\"wpb_column vc_column_container\"><div class=\"vc_column-inner\">[vc_empty_space height=&#8220;16px&#8220;][vc_gallery ids=&#8220;6286,6287,6288&#8243; columns=&#8220;3&#8243; masonry=&#8220;yes&#8220; indents=&#8220;yes&#8220;][vc_empty_space height=&#8220;16px&#8220;]<div class=\"wpb_text_column\"><div class=\"wpb_wrapper\"><p>Und hier noch der Beweis, dass ich tats\u00e4chlich alles (bis auf das DSP an den Seitenteilen) ausschlie\u00dflich aus dem Materialpaket geschnitten habe. Die schwarze Kordel ist leider \u00fcbrig geblieben, liegt aber in der Box \ud83d\ude42\u00a0ich hoffe, das gilt auch \u2026<\/p>\n<\/div><\/div>[vc_empty_space height=&#8220;16px&#8220;][vc_single_image image=&#8220;6285&#8243; img_size=&#8220;full&#8220; img_link_large=&#8220;yes&#8220; img_link_new_tab=&#8220;&#8220;]<\/div><\/div><\/div><\/div><\/section><section class=\"l-section wpb_row height_medium\"><div class=\"l-section-h i-cf\"><div class=\"g-cols vc_row via_grid cols_1 laptops-cols_inherit tablets-cols_inherit mobiles-cols_1 valign_top type_boxes stacking_default\"><div class=\"wpb_column vc_column_container\"><div class=\"vc_column-inner\">[vc_empty_space height=&#8220;16px&#8220;]<div class=\"wpb_text_column\"><div class=\"wpb_wrapper\"><p>Und jetzt lasst euch von den Werken meiner Mitbastlerinnen begeistern. Diesmal hat <a href=\"http:\/\/www.papierformart.at\/\" target=\"_blank\">Ren\u00e9e\u00a0\u00bb<\/a>\u00a0die Beitr\u00e4ge f\u00fcr uns zusammengefasst.<\/p>\n<\/div><\/div><\/div><\/div><\/div><\/div><\/section><section class=\"l-section wpb_row height_medium\"><div class=\"l-section-h i-cf\"><div class=\"g-cols vc_row via_grid cols_1 laptops-cols_inherit tablets-cols_inherit mobiles-cols_1 valign_top type_boxes stacking_default\"><div class=\"wpb_column vc_column_container\"><div class=\"vc_column-inner\">[vc_empty_space height=&#8220;16px&#8220;][vc_raw_html]JTNDZGl2JTNFJTNDZGl2JTNFJTNDZGl2JTIwaWQlM0QlMjI0MTA0YTY3ZS03MjIyLTRlYzUtOWNmYy05MGJjODE1NjQxNGElMjIlM0UlM0NpZnJhbWUlMjBjbGFzcyUzRCUyMmlmcmFtZS1zaG93Y2FzZSUyMiUyMHNyYyUzRCUyMmh0dHBzJTNBJTJGJTJGbXlzdGFtcGluYmxvZy5jb20lMkZTaG93Y2FzZSUyRkRldGFpbHMlMkY0ZjliMjMxMy0yMGI5LTRlMDAtYjMxMS05ZWZkYzZhZGE0NmMlM0ZsYXlvdXQlM0RUaWxlZCUyNnNob3dTa3UlM0RUcnVlJTI2c2hvd1ByaWNlJTNERmFsc2UlMjZzaG93RG93bmxvYWQlM0RUcnVlJTI2dHJhbnNwYXJlbnQlM0RGYWxzZSUyNmJvcmRlcmVkJTNERmFsc2UlMjZoRm9udEhlaWdodCUzRDEzJTI2ckZvbnRIZWlnaHQlM0QxMyUyNmltYWdlSGVpZ2h0JTNEMTAwJTI2bWlkZGxlQ29udGVudCUzREZhbHNlJTIyJTIwZnJhbWVib3JkZXIlM0QlMjIwJTIyJTIwc2Nyb2xsaW5nJTNEJTIybm8lMjIlMjBhbGxvd3RyYW5zcGFyZW5jeSUzRCUyMnRydWUlMjIlMjBzdHlsZSUzRCUyMndpZHRoJTNBMTAwJTI1JTIyJTNFJTNDJTJGaWZyYW1lJTNFJTNDJTJGZGl2JTNFJTNDc2NyaXB0JTIwc3JjJTNEJTIyaHR0cHMlM0ElMkYlMkZteXN0YW1waW5ibG9nLmNvbSUyRlNjcmlwdCUyRlNob3djYXNlRGV0YWlsc1NjcmlwdCUyMiUzRSUzQyUyRnNjcmlwdCUzRSUzQyUyRmRpdiUzRSUzQyUyRmRpdiUzRQ==[\/vc_raw_html]<\/div><\/div><\/div><\/div><\/section>\n","protected":false},"excerpt":{"rendered":"[vc_single_image img_size=\"full\" img_link_large=\"yes\" img_link_new_tab=\"\" image=\"6297\"]Mach was draus &#8211;\u00a0das\u00a0Aprilbrieferl \u00fcberraschte\u00a0dieses Mal mit einer\u00a0sehr &#8222;m\u00e4nnlichen&#8220; Farbkombi. Meine urspr\u00fcngliche Idee habe ich schnell verworfen \u2013\u00a0wird aber noch durchgef\u00fchrt, deshalb wird and dieser Stelle\u00a0noch\u00a0nichts verraten \ud83d\ude42 Bald\u00a0kam mir\u00a0dann die Fensterschachtel in den Sinn und nach einigem T\u00fcfteln entstand dann diese Box mit Kaleidoskop-Deckel und Magnetverschluss. [vc_empty_space height=\"16px\"][vc_gallery ids=\"6286,6287,6288\" columns=\"3\"...","protected":false},"author":1,"featured_media":0,"comment_status":"open","ping_status":"closed","sticky":false,"template":"","format":"standard","meta":{"footnotes":""},"categories":[69,51],"tags":[],"class_list":["post-6284","post","type-post","status-publish","format-standard","hentry","category-mach-was-draus","category-stampinup"],"_links":{"self":[{"href":"https:\/\/dorispichler.at\/blog\/wp-json\/wp\/v2\/posts\/6284"}],"collection":[{"href":"https:\/\/dorispichler.at\/blog\/wp-json\/wp\/v2\/posts"}],"about":[{"href":"https:\/\/dorispichler.at\/blog\/wp-json\/wp\/v2\/types\/post"}],"author":[{"embeddable":true,"href":"https:\/\/dorispichler.at\/blog\/wp-json\/wp\/v2\/users\/1"}],"replies":[{"embeddable":true,"href":"https:\/\/dorispichler.at\/blog\/wp-json\/wp\/v2\/comments?post=6284"}],"version-history":[{"count":0,"href":"https:\/\/dorispichler.at\/blog\/wp-json\/wp\/v2\/posts\/6284\/revisions"}],"wp:attachment":[{"href":"https:\/\/dorispichler.at\/blog\/wp-json\/wp\/v2\/media?parent=6284"}],"wp:term":[{"taxonomy":"category","embeddable":true,"href":"https:\/\/dorispichler.at\/blog\/wp-json\/wp\/v2\/categories?post=6284"},{"taxonomy":"post_tag","embeddable":true,"href":"https:\/\/dorispichler.at\/blog\/wp-json\/wp\/v2\/tags?post=6284"}],"curies":[{"name":"wp","href":"https:\/\/api.w.org\/{rel}","templated":true}]}}