{"id":6238,"date":"2017-04-04T09:00:53","date_gmt":"2017-04-04T07:00:53","guid":{"rendered":"http:\/\/www.dorispichler.at\/blog\/?p=6238"},"modified":"2017-04-04T09:00:53","modified_gmt":"2017-04-04T07:00:53","slug":"basteldienstag-april","status":"publish","type":"post","link":"https:\/\/dorispichler.at\/blog\/basteldienstag-april\/","title":{"rendered":"Basteldienstag &#8211; April, April"},"content":{"rendered":"<section class=\"l-section wpb_row height_medium\"><div class=\"l-section-h i-cf\"><div class=\"g-cols vc_row via_grid cols_1 laptops-cols_inherit tablets-cols_inherit mobiles-cols_1 valign_top type_boxes stacking_default\"><div class=\"wpb_column vc_column_container\"><div class=\"vc_column-inner\">[vc_single_image image=&#8220;6239&#8243; img_size=&#8220;full&#8220; img_link_large=&#8220;yes&#8220; img_link_new_tab=&#8220;&#8220;][vc_empty_space height=&#8220;16px&#8220;]<\/div><\/div><\/div><\/div><\/section><section class=\"l-section wpb_row height_medium\"><div class=\"l-section-h i-cf\"><div class=\"g-cols vc_row via_grid cols_1 laptops-cols_inherit tablets-cols_inherit mobiles-cols_1 valign_top type_boxes stacking_default\"><div class=\"wpb_column vc_column_container\"><div class=\"vc_column-inner\"><div class=\"wpb_text_column\"><div class=\"wpb_wrapper\"><p>Das Motto unseres heutigen Basteldienstags ist &#8222;April, April&#8220;.<\/p>\n<p>&nbsp;<\/p>\n<p>Lasst\u00a0euch \u00fcberraschen, wie das Wetter im April wird. Nicht nur auf unserer Karte \u00e4ndert sich st\u00e4ndig das Wetter \u2026 Regen, Schnee, Sonnenschein, Regenbogen \u2026<\/p>\n<p>Kommt einfach vorbei &#8211; jede\/r ist herzlich willkommen &#8211; ob zum Basteln oder einfach nur zum Tratschen &#8211; viel Spa\u00df garantiert!<\/p>\n<\/div><\/div><\/div><\/div><\/div><\/div><\/section><section class=\"l-section wpb_row height_medium\"><div class=\"l-section-h i-cf\"><div class=\"g-cols vc_row via_grid cols_1 laptops-cols_inherit tablets-cols_inherit mobiles-cols_1 valign_top type_boxes stacking_default\"><div class=\"wpb_column vc_column_container\"><div class=\"vc_column-inner\">[vc_empty_space height=&#8220;16px&#8220;]<div class=\"wpb_text_column\"><div class=\"wpb_wrapper\"><div class=\"wpb_text_column \">\n<div class=\"wpb_wrapper\"><em><strong>Achtung! Der Basteldienstag ist nur f\u00fcr Erwachsene gedacht!<\/strong><\/em><\/div>\n<\/div>\n<div class=\"wpb_text_column \">\n<div class=\"wpb_wrapper\"><em>Hier nochmals die Details:\u00a0Der hecktische Alltag ist schnell vergessen, wenn man sich in Ruhe hinsetzt und kreative Karten und Verpackungen f\u00fcr jeden Anlass gestaltet.\u00a0In Ruhe Briefe auf selbst gestalteten Briefpapier schreiben, statt ein schnelles E-Mail zwischendurch verschicken. Nicht nur die Freude der Beschenkten ist garantiert!\u00a0<\/em><\/div>\n<div class=\"wpb_wrapper\"><\/div>\n<div class=\"wpb_wrapper\"><em>Wer etwas zu einem besonderen Anlass basteln will, bitte vorher anmelden, damit das ben\u00f6tigte Zubeh\u00f6r vorr\u00e4tig ist.<\/em><\/div>\n<div class=\"wpb_wrapper\"><\/div>\n<div class=\"wpb_wrapper\"><em>Basteln f\u00fcr Erwachsene 31.1. \u2013 30.5. 2017 jeden Dienstag im Caf\u00e9 Kurkuma in der Metzgergasse 9 in Hallein.<\/em><\/div>\n<div class=\"wpb_wrapper\"><em>Unkostenbeitrag: \u20ac 5,&#8211; pro Person und Veranstaltung, zuz\u00fcglich Konsumation im Caf\u00e9. Keine Vorkenntnisse erforderlich.<\/em>\u00a0<em>Im Caf\u00e9 gibt es eine Kinderspielecke, gr\u00f6\u00dfere Kinder k\u00f6nnen auch beim Basteln mithelfen.<\/em><\/div>\n<\/div>\n<\/div><\/div><\/div><\/div><\/div><\/div><\/section>\n","protected":false},"excerpt":{"rendered":"[vc_single_image image=\"6239\" img_size=\"full\" img_link_large=\"yes\" img_link_new_tab=\"\"][vc_empty_space height=\"16px\"]Das Motto unseres heutigen Basteldienstags ist &#8222;April, April&#8220;. &nbsp; Lasst\u00a0euch \u00fcberraschen, wie das Wetter im April wird. Nicht nur auf unserer Karte \u00e4ndert sich st\u00e4ndig das Wetter \u2026 Regen, Schnee, Sonnenschein, Regenbogen \u2026 Kommt einfach vorbei &#8211; jede\/r ist herzlich willkommen &#8211; ob zum Basteln oder einfach nur zum Tratschen...","protected":false},"author":1,"featured_media":0,"comment_status":"open","ping_status":"closed","sticky":false,"template":"","format":"standard","meta":{"footnotes":""},"categories":[75,67,51,72],"tags":[],"class_list":["post-6238","post","type-post","status-publish","format-standard","hentry","category-basteldienstag","category-sale-a-bration","category-stampinup","category-workshop"],"_links":{"self":[{"href":"https:\/\/dorispichler.at\/blog\/wp-json\/wp\/v2\/posts\/6238"}],"collection":[{"href":"https:\/\/dorispichler.at\/blog\/wp-json\/wp\/v2\/posts"}],"about":[{"href":"https:\/\/dorispichler.at\/blog\/wp-json\/wp\/v2\/types\/post"}],"author":[{"embeddable":true,"href":"https:\/\/dorispichler.at\/blog\/wp-json\/wp\/v2\/users\/1"}],"replies":[{"embeddable":true,"href":"https:\/\/dorispichler.at\/blog\/wp-json\/wp\/v2\/comments?post=6238"}],"version-history":[{"count":0,"href":"https:\/\/dorispichler.at\/blog\/wp-json\/wp\/v2\/posts\/6238\/revisions"}],"wp:attachment":[{"href":"https:\/\/dorispichler.at\/blog\/wp-json\/wp\/v2\/media?parent=6238"}],"wp:term":[{"taxonomy":"category","embeddable":true,"href":"https:\/\/dorispichler.at\/blog\/wp-json\/wp\/v2\/categories?post=6238"},{"taxonomy":"post_tag","embeddable":true,"href":"https:\/\/dorispichler.at\/blog\/wp-json\/wp\/v2\/tags?post=6238"}],"curies":[{"name":"wp","href":"https:\/\/api.w.org\/{rel}","templated":true}]}}