{"id":6001,"date":"2017-02-07T10:56:08","date_gmt":"2017-02-07T09:56:08","guid":{"rendered":"http:\/\/www.dorispichler.at\/blog\/?p=6001"},"modified":"2017-02-07T11:00:38","modified_gmt":"2017-02-07T10:00:38","slug":"basteldienstag-im-wald","status":"publish","type":"post","link":"https:\/\/dorispichler.at\/blog\/basteldienstag-im-wald\/","title":{"rendered":"Basteldienstag &#8211; im Wald"},"content":{"rendered":"<section class=\"l-section wpb_row height_medium\"><div class=\"l-section-h i-cf\"><div class=\"g-cols vc_row via_grid cols_1 laptops-cols_inherit tablets-cols_inherit mobiles-cols_1 valign_top type_boxes stacking_default\"><div class=\"wpb_column vc_column_container\"><div class=\"vc_column-inner\"><div class=\"wpb_text_column\"><div class=\"wpb_wrapper\"><p>Am heutigen Basteldienstag dreht sich alles ums Thema &#8222;Wald&#8220;.<\/p>\n<p>Wer Lust hat kommt einfach im Caf\u00e9 Kurkuma zum Basteln vorbei. Jede\/r ist herzlich willkommen und wer keine Lust zu Basteln hat, kann einfach auf einen Caf\u00e9 oder\/und zum Tratschen vorbei kommen \u2026 und vielleicht\u00a0wollt\u00a0ihr dann doch eine Karte probieren \u2026 Vorsicht Ansteckungsgefahr!<\/p>\n<p>Und so k\u00f6nnten unsere Karten\u00a0heute aussehen:<\/p>\n<\/div><\/div><\/div><\/div><\/div><\/div><\/section><section class=\"l-section wpb_row height_medium\"><div class=\"l-section-h i-cf\"><div class=\"g-cols vc_row via_grid cols_1 laptops-cols_inherit tablets-cols_inherit mobiles-cols_1 valign_top type_boxes stacking_default\"><div class=\"wpb_column vc_column_container\"><div class=\"vc_column-inner\">[vc_empty_space height=&#8220;16px&#8220;][vc_gallery ids=&#8220;5931,4409,6002,5607&#8243; columns=&#8220;4&#8243; masonry=&#8220;yes&#8220; indents=&#8220;yes&#8220;][vc_empty_space height=&#8220;16px&#8220;]<\/div><\/div><\/div><\/div><\/section><section class=\"l-section wpb_row height_medium\"><div class=\"l-section-h i-cf\"><div class=\"g-cols vc_row via_grid cols_1 laptops-cols_inherit tablets-cols_inherit mobiles-cols_1 valign_top type_boxes stacking_default\"><div class=\"wpb_column vc_column_container\"><div class=\"vc_column-inner\"><div class=\"wpb_text_column\"><div class=\"wpb_wrapper\"><div class=\"wpb_text_column \">\n<div class=\"wpb_wrapper\">\n<p><strong>Achtung! Der Basteldienstag ist nur f\u00fcr Erwachsene gedacht!<\/strong><\/p>\n<\/div>\n<\/div>\n<div class=\"wpb_text_column \">\n<div class=\"wpb_wrapper\"><em>Hier nochmals die Details:\u00a0Der hecktische Alltag ist schnell vergessen, wenn man sich in Ruhe hinsetzt und kreative Karten und Verpackungen f\u00fcr jeden Anlass gestaltet.\u00a0<\/em><em>In Ruhe Briefe auf selbst gestalteten Briefpapier schreiben, statt ein schnelles E-Mail zwischendurch verschicken. Nicht nur die Freude der Beschenkten ist garantiert!\u00a0<\/em><\/div>\n<div class=\"wpb_wrapper\"><\/div>\n<div class=\"wpb_wrapper\"><em>Wer etwas zu einem besonderen Anlass basteln will, bitte vorher anmelden, damit das ben\u00f6tigte Zubeh\u00f6r vorr\u00e4tig ist.<\/em><\/div>\n<div class=\"wpb_wrapper\"><\/div>\n<div class=\"wpb_wrapper\"><em>Basteln f\u00fcr Erwachsene 31.1. \u2013 30.5. 2017 jeden Dienstag im Caf\u00e9 Kurkuma in der Metzgergasse 9 in Hallein.<\/em><\/div>\n<div class=\"wpb_wrapper\"><em>Unkostenbeitrag: \u20ac 5,&#8211; pro Person und Veranstaltung, zuz\u00fcglich Konsumation im Caf\u00e9. Keine Vorkenntnisse erforderlich.<\/em>\u00a0<em>Im Caf\u00e9 gibt es eine Kinderspielecke, gr\u00f6\u00dfere Kinder k\u00f6nnen auch beim Basteln mithelfen.<\/em><\/div>\n<\/div>\n<\/div><\/div><\/div><\/div><\/div><\/div><\/section>\n","protected":false},"excerpt":{"rendered":"Am heutigen Basteldienstag dreht sich alles ums Thema &#8222;Wald&#8220;. Wer Lust hat kommt einfach im Caf\u00e9 Kurkuma zum Basteln vorbei. Jede\/r ist herzlich willkommen und wer keine Lust zu Basteln hat, kann einfach auf einen Caf\u00e9 oder\/und zum Tratschen vorbei kommen \u2026 und vielleicht\u00a0wollt\u00a0ihr dann doch eine Karte probieren \u2026 Vorsicht Ansteckungsgefahr! Und so k\u00f6nnten...","protected":false},"author":1,"featured_media":0,"comment_status":"open","ping_status":"closed","sticky":false,"template":"","format":"standard","meta":{"footnotes":""},"categories":[51],"tags":[],"class_list":["post-6001","post","type-post","status-publish","format-standard","hentry","category-stampinup"],"_links":{"self":[{"href":"https:\/\/dorispichler.at\/blog\/wp-json\/wp\/v2\/posts\/6001"}],"collection":[{"href":"https:\/\/dorispichler.at\/blog\/wp-json\/wp\/v2\/posts"}],"about":[{"href":"https:\/\/dorispichler.at\/blog\/wp-json\/wp\/v2\/types\/post"}],"author":[{"embeddable":true,"href":"https:\/\/dorispichler.at\/blog\/wp-json\/wp\/v2\/users\/1"}],"replies":[{"embeddable":true,"href":"https:\/\/dorispichler.at\/blog\/wp-json\/wp\/v2\/comments?post=6001"}],"version-history":[{"count":0,"href":"https:\/\/dorispichler.at\/blog\/wp-json\/wp\/v2\/posts\/6001\/revisions"}],"wp:attachment":[{"href":"https:\/\/dorispichler.at\/blog\/wp-json\/wp\/v2\/media?parent=6001"}],"wp:term":[{"taxonomy":"category","embeddable":true,"href":"https:\/\/dorispichler.at\/blog\/wp-json\/wp\/v2\/categories?post=6001"},{"taxonomy":"post_tag","embeddable":true,"href":"https:\/\/dorispichler.at\/blog\/wp-json\/wp\/v2\/tags?post=6001"}],"curies":[{"name":"wp","href":"https:\/\/api.w.org\/{rel}","templated":true}]}}