{"id":5900,"date":"2017-01-17T06:00:35","date_gmt":"2017-01-17T05:00:35","guid":{"rendered":"http:\/\/www.dorispichler.at\/blog\/?p=5900"},"modified":"2017-01-16T13:20:43","modified_gmt":"2017-01-16T12:20:43","slug":"basteldienstag-fensterschachtel","status":"publish","type":"post","link":"https:\/\/dorispichler.at\/blog\/basteldienstag-fensterschachtel\/","title":{"rendered":"Basteldienstag | Fensterschachtel"},"content":{"rendered":"<section class=\"l-section wpb_row height_medium\"><div class=\"l-section-h i-cf\"><div class=\"g-cols vc_row via_grid cols_1 laptops-cols_inherit tablets-cols_inherit mobiles-cols_1 valign_top type_boxes stacking_default\"><div class=\"wpb_column vc_column_container\"><div class=\"vc_column-inner\"><div class=\"wpb_text_column\"><div class=\"wpb_wrapper\"><h3><span style=\"color: #008000;\">Juhuuuuu \u2026 der Basteldienstag ist da!<\/span><\/h3>\n<p>Schon seit August letzten Jahres arbeite ich an der Umsetzung meines &#8222;Kreativtreffs&#8220;. Die Idee:\u00a0einen Tag pro Woche ausschlie\u00dflich dem Arbeiten mit Papier zu\u00a0widmen.<\/p>\n<p>Und das m\u00f6chte ich in Zukunft nicht mehr zur G\u00e4nze alleine machen.<\/p>\n<h3>Am 31. J\u00e4nner 2017 geht es dann richtig los!<\/h3>\n<p>Vom 31. J\u00e4nner bis 30. Mai 2017 werde ich\u00a0jeden Dienstag von 15:00 bis 18:00 Uhr im Halleiner Caf\u00e9 Kurkuma f\u00fcr die Initiative &#8222;Herz f\u00fcr Hallein&#8220; basteln und wer Lust hat,\u00a0kann in diesem Zeitraum vorbei kommen und mit mir werken. Der Unkostenbeitrag betr\u00e4gt pro Teilnehmer \u20ac 5,&#8211; zuz\u00fcglich Konsumation im Caf\u00e9haus.<\/p>\n<\/div><\/div>[vc_empty_space height=&#8220;16px&#8220;]<div class=\"wpb_text_column\"><div class=\"wpb_wrapper\"><p>Auf meinem Blog werde ich ebenfalls jeden Dienstag unter der Rubrik &#8222;Basteldienstag&#8220; ein paar Werke zeigen,\u00a0die ich in der vergangenen Woche gearbeitet habe.<\/p>\n<\/div><\/div>[vc_empty_space height=&#8220;16px&#8220;]<\/div><\/div><\/div><\/div><\/section><section class=\"l-section wpb_row height_medium\"><div class=\"l-section-h i-cf\"><div class=\"g-cols vc_row via_grid cols_1 laptops-cols_inherit tablets-cols_inherit mobiles-cols_1 valign_top type_boxes stacking_default\"><div class=\"wpb_column vc_column_container\"><div class=\"vc_column-inner\"><div class=\"wpb_text_column\"><div class=\"wpb_wrapper\"><p>Heute zeige\u00a0ich euch\u00a0die\u00a0Thinlits Formen &#8222;Fensterschachtel&#8220; \u00a0aus dem Fr\u00fchjahr-Sommer-Katalog von Stampin&#8216; Up!, mit denen ich viele verschiedene Verpackungen und Karten gestaltet habe. Bis jetzt habe noch keine Schachten &#8222;nach Vorschrift&#8220; gewerkt, denn mir sind st\u00e4ndig andere Sachen eingefallen. So sehen die\u00a0Thinlits Formen Fensterschachtel aus:<\/p>\n<\/div><\/div>[vc_single_image image=&#8220;5913&#8243; img_size=&#8220;full&#8220; img_link_large=&#8220;yes&#8220; img_link_new_tab=&#8220;&#8220;][vc_empty_space height=&#8220;16px&#8220;]<\/div><\/div><\/div><\/div><\/section><section class=\"l-section wpb_row height_medium\"><div class=\"l-section-h i-cf\"><div class=\"g-cols vc_row via_grid cols_1 laptops-cols_inherit tablets-cols_inherit mobiles-cols_1 valign_top type_boxes stacking_default\"><div class=\"wpb_column vc_column_container\"><div class=\"vc_column-inner\"><div class=\"wpb_text_column\"><div class=\"wpb_wrapper\"><p>Und das habe ich daraus gemacht:<\/p>\n<\/div><\/div>[vc_gallery ids=&#8220;5907,5904,5905&#8243; columns=&#8220;3&#8243; masonry=&#8220;yes&#8220; indents=&#8220;yes&#8220;]<div class=\"wpb_text_column\"><div class=\"wpb_wrapper\"><p>Aus der Schachtel wird eine Laterne.<\/p>\n<\/div><\/div>[vc_empty_space height=&#8220;16px&#8220;][vc_gallery ids=&#8220;5903,5902,5901&#8243; columns=&#8220;3&#8243; masonry=&#8220;yes&#8220; indents=&#8220;yes&#8220;]<div class=\"wpb_text_column\"><div class=\"wpb_wrapper\"><p>Hier habe ich den Deckel in Dreiecke geschnitten und mit Herzen verschlossen.<\/p>\n<\/div><\/div>[vc_empty_space height=&#8220;16px&#8220;][vc_gallery columns=&#8220;3&#8243; masonry=&#8220;yes&#8220; indents=&#8220;yes&#8220; ids=&#8220;5906&#8243;]<div class=\"wpb_text_column\"><div class=\"wpb_wrapper\"><p>Dann habe ich den gro\u00dfen\u00a0Teil nur einmal ausgestanzt, den Deckel auseinander geschnitten und auf die R\u00fcckseite geklebt.<\/p>\n<\/div><\/div>[vc_empty_space height=&#8220;16px&#8220;][vc_gallery ids=&#8220;5911,5908&#8243; columns=&#8220;3&#8243; masonry=&#8220;yes&#8220; indents=&#8220;yes&#8220;]<div class=\"wpb_text_column\"><div class=\"wpb_wrapper\"><p>Dann noch 2 Geburtstagskarten mit dem Designerpapier &#8222;Stille Natur&#8220; im Hintergrund<\/p>\n<\/div><\/div>[vc_empty_space height=&#8220;16px&#8220;][vc_gallery ids=&#8220;5909,5910&#8243; columns=&#8220;3&#8243; masonry=&#8220;yes&#8220; indents=&#8220;yes&#8220;]<div class=\"wpb_text_column\"><div class=\"wpb_wrapper\"><p>Und hier kommt schon wieder mein Lieblingspapier &#8222;Cupcakes und Carussells&#8220; zum Einsatz. Aus der Deckelverzierung wird eine Badewanne, aus einem Herz der Schnuller und der Badeschaum sind die Wolken aus den Framelits Formen Regentage \ud83d\ude42 Den PunchArt-Babykopf habe ich bei\u00a0lavender-stamper gesehen.<\/p>\n<\/div><\/div>[vc_empty_space height=&#8220;16px&#8220;]<div class=\"wpb_text_column\"><div class=\"wpb_wrapper\"><p>So das war&#8217;s von meinem ersten Basteldienstag. Eine einzige Stanze aus dem Set habe ich nicht verwendet: das ovale Etikett, aber dazu wird uns sicher\u00a0noch gemeinsam etwas einfallen \u2026 Wer Tipps, Tricks und Details wissen will, kann sich gerne jederzeit bei mir melden und ab 31.1. kann man auch direkt mir werken. Bis dann \u2026<\/p>\n<\/div><\/div><\/div><\/div><\/div><\/div><\/section>\n","protected":false},"excerpt":{"rendered":"Juhuuuuu \u2026 der Basteldienstag ist da! Schon seit August letzten Jahres arbeite ich an der Umsetzung meines &#8222;Kreativtreffs&#8220;. Die Idee:\u00a0einen Tag pro Woche ausschlie\u00dflich dem Arbeiten mit Papier zu\u00a0widmen. Und das m\u00f6chte ich in Zukunft nicht mehr zur G\u00e4nze alleine machen. Am 31. J\u00e4nner 2017 geht es dann richtig los! Vom 31. J\u00e4nner bis 30....","protected":false},"author":1,"featured_media":0,"comment_status":"open","ping_status":"closed","sticky":false,"template":"","format":"standard","meta":{"footnotes":""},"categories":[75,76,51],"tags":[],"class_list":["post-5900","post","type-post","status-publish","format-standard","hentry","category-basteldienstag","category-herz-fuer-hallein","category-stampinup"],"_links":{"self":[{"href":"https:\/\/dorispichler.at\/blog\/wp-json\/wp\/v2\/posts\/5900"}],"collection":[{"href":"https:\/\/dorispichler.at\/blog\/wp-json\/wp\/v2\/posts"}],"about":[{"href":"https:\/\/dorispichler.at\/blog\/wp-json\/wp\/v2\/types\/post"}],"author":[{"embeddable":true,"href":"https:\/\/dorispichler.at\/blog\/wp-json\/wp\/v2\/users\/1"}],"replies":[{"embeddable":true,"href":"https:\/\/dorispichler.at\/blog\/wp-json\/wp\/v2\/comments?post=5900"}],"version-history":[{"count":0,"href":"https:\/\/dorispichler.at\/blog\/wp-json\/wp\/v2\/posts\/5900\/revisions"}],"wp:attachment":[{"href":"https:\/\/dorispichler.at\/blog\/wp-json\/wp\/v2\/media?parent=5900"}],"wp:term":[{"taxonomy":"category","embeddable":true,"href":"https:\/\/dorispichler.at\/blog\/wp-json\/wp\/v2\/categories?post=5900"},{"taxonomy":"post_tag","embeddable":true,"href":"https:\/\/dorispichler.at\/blog\/wp-json\/wp\/v2\/tags?post=5900"}],"curies":[{"name":"wp","href":"https:\/\/api.w.org\/{rel}","templated":true}]}}