{"id":5756,"date":"2016-11-17T11:20:38","date_gmt":"2016-11-17T10:20:38","guid":{"rendered":"http:\/\/www.dorispichler.at\/blog\/?p=5756"},"modified":"2016-11-17T11:26:58","modified_gmt":"2016-11-17T10:26:58","slug":"halleiner-nikolaushaeuser","status":"publish","type":"post","link":"https:\/\/dorispichler.at\/blog\/halleiner-nikolaushaeuser\/","title":{"rendered":"Halleiner Nikolaush\u00e4user"},"content":{"rendered":"<section class=\"l-section wpb_row height_medium\"><div class=\"l-section-h i-cf\"><div class=\"g-cols vc_row via_grid cols_1 laptops-cols_inherit tablets-cols_inherit mobiles-cols_1 valign_top type_boxes stacking_default\"><div class=\"wpb_column vc_column_container\"><div class=\"vc_column-inner\"><div class=\"wpb_text_column\"><div class=\"wpb_wrapper\"><p>Der Countdown l\u00e4uft: nur noch 8\u00a0mal\u00a0schlafen und schon beginnt unser Adventmarkt am Bayrhamerplatz. Die Vorbereitungen laufen auf Hochtouren &#8211; nur noch so wenig Zeit und noch so viele Ideen \u2026<\/p>\n<p>In den letzten Tagen sind ein paar Halleiner\u00a0Nikolaush\u00e4user entstanden.<\/p>\n<\/div><\/div><\/div><\/div><\/div><\/div><\/section><section class=\"l-section wpb_row height_medium\"><div class=\"l-section-h i-cf\"><div class=\"g-cols vc_row via_grid cols_1 laptops-cols_inherit tablets-cols_inherit mobiles-cols_1 valign_top type_boxes stacking_default\"><div class=\"wpb_column vc_column_container\"><div class=\"vc_column-inner\">[vc_gallery ids=&#8220;5758,5757&#8243; columns=&#8220;2&#8243; masonry=&#8220;yes&#8220; indents=&#8220;&#8220;]<\/div><\/div><\/div><\/div><\/section><section class=\"l-section wpb_row height_medium\"><div class=\"l-section-h i-cf\"><div class=\"g-cols vc_row via_grid cols_1 laptops-cols_inherit tablets-cols_inherit mobiles-cols_1 valign_top type_boxes stacking_default\"><div class=\"wpb_column vc_column_container\"><div class=\"vc_column-inner\"><div class=\"wpb_text_column\"><div class=\"wpb_wrapper\"><p><strong>Materialliste:<\/strong> Farbkarton in Currygelb, Olivgr\u00fcn, Calypso, Ozeanblau, Espresso, Chili und Fl\u00fcsterwei\u00df. Stempelkissen in Currygelb, Olivgr\u00fcn, Calypso und Ozeanblau.\u00a0Thinlitsformen Zu Hause, Stempelset: Ein Haus f\u00fcr alle F\u00e4lle und\u00a0Ghoulish Grunge. Stanze Gewellter Anh\u00e4nger.<\/p>\n<\/div><\/div><\/div><\/div><\/div><\/div><\/section>\n","protected":false},"excerpt":{"rendered":"Der Countdown l\u00e4uft: nur noch 8\u00a0mal\u00a0schlafen und schon beginnt unser Adventmarkt am Bayrhamerplatz. Die Vorbereitungen laufen auf Hochtouren &#8211; nur noch so wenig Zeit und noch so viele Ideen \u2026 In den letzten Tagen sind ein paar Halleiner\u00a0Nikolaush\u00e4user entstanden. [vc_gallery ids=\"5758,5757\" columns=\"2\" masonry=\"yes\" indents=\"\"]Materialliste: Farbkarton in Currygelb, Olivgr\u00fcn, Calypso, Ozeanblau, Espresso, Chili und Fl\u00fcsterwei\u00df. Stempelkissen...","protected":false},"author":1,"featured_media":0,"comment_status":"open","ping_status":"closed","sticky":false,"template":"","format":"standard","meta":{"footnotes":""},"categories":[64,51],"tags":[],"class_list":["post-5756","post","type-post","status-publish","format-standard","hentry","category-adventmarkt","category-stampinup"],"_links":{"self":[{"href":"https:\/\/dorispichler.at\/blog\/wp-json\/wp\/v2\/posts\/5756"}],"collection":[{"href":"https:\/\/dorispichler.at\/blog\/wp-json\/wp\/v2\/posts"}],"about":[{"href":"https:\/\/dorispichler.at\/blog\/wp-json\/wp\/v2\/types\/post"}],"author":[{"embeddable":true,"href":"https:\/\/dorispichler.at\/blog\/wp-json\/wp\/v2\/users\/1"}],"replies":[{"embeddable":true,"href":"https:\/\/dorispichler.at\/blog\/wp-json\/wp\/v2\/comments?post=5756"}],"version-history":[{"count":0,"href":"https:\/\/dorispichler.at\/blog\/wp-json\/wp\/v2\/posts\/5756\/revisions"}],"wp:attachment":[{"href":"https:\/\/dorispichler.at\/blog\/wp-json\/wp\/v2\/media?parent=5756"}],"wp:term":[{"taxonomy":"category","embeddable":true,"href":"https:\/\/dorispichler.at\/blog\/wp-json\/wp\/v2\/categories?post=5756"},{"taxonomy":"post_tag","embeddable":true,"href":"https:\/\/dorispichler.at\/blog\/wp-json\/wp\/v2\/tags?post=5756"}],"curies":[{"name":"wp","href":"https:\/\/api.w.org\/{rel}","templated":true}]}}