{"id":4589,"date":"2015-11-25T18:01:33","date_gmt":"2015-11-25T17:01:33","guid":{"rendered":"http:\/\/www.dorispichler.at\/blog\/?p=4589"},"modified":"2015-11-25T18:11:42","modified_gmt":"2015-11-25T17:11:42","slug":"hallein-advent-markt","status":"publish","type":"post","link":"https:\/\/dorispichler.at\/blog\/hallein-advent-markt\/","title":{"rendered":"Halleiner Altstadt Advent am Bayrhamerplatz"},"content":{"rendered":"<section class=\"l-section wpb_row height_medium\"><div class=\"l-section-h i-cf\"><div class=\"g-cols vc_row via_grid cols_1 laptops-cols_inherit tablets-cols_inherit mobiles-cols_1 valign_top type_boxes stacking_default\"><div class=\"wpb_column vc_column_container\"><div class=\"vc_column-inner\"><div class=\"wpb_text_column\"><div class=\"wpb_wrapper\"><p>Die Vorbereitungen laufen auf Hochtouren und am Freitag wird um 14:00 Uhr der Adventmarkt er\u00f6ffnet.<\/p>\n<h3>\u00d6ffnungszeiten<\/h3>\n<\/div><\/div><\/div><\/div><\/div><\/div><\/section><section class=\"l-section wpb_row height_medium\"><div class=\"l-section-h i-cf\"><div class=\"g-cols vc_row via_grid cols_2 laptops-cols_inherit tablets-cols_inherit mobiles-cols_1 valign_top type_boxes stacking_default\"><div class=\"wpb_column vc_column_container\"><div class=\"vc_column-inner\"><div class=\"wpb_text_column\"><div class=\"wpb_wrapper\"><p>27. November bis 24. Dezember 2015<br \/>\nFR 14 &#8211; 19 Uhr<br \/>\nSA 10 &#8211; 19 Uhr<br \/>\nSO 14 &#8211; 19 Uhr<\/p>\n<\/div><\/div><\/div><\/div><div class=\"wpb_column vc_column_container\"><div class=\"vc_column-inner\"><div class=\"wpb_text_column\"><div class=\"wpb_wrapper\"><p>Sondertermine:<br \/>\n08.12.: 14 &#8211; 19 Uhr<br \/>\n23.12.: 17 &#8211; 19 Uhr &#8211; Nochtei<br \/>\n24.12.: 10 &#8211; 13 Uhr<\/p>\n<\/div><\/div><\/div><\/div><\/div><\/div><\/section><section class=\"l-section wpb_row height_medium\"><div class=\"l-section-h i-cf\"><div class=\"g-cols vc_row via_grid cols_1 laptops-cols_inherit tablets-cols_inherit mobiles-cols_1 valign_top type_boxes stacking_default\"><div class=\"wpb_column vc_column_container\"><div class=\"vc_column-inner\"><div class=\"wpb_text_column\"><div class=\"wpb_wrapper\"><p>Viele neue Produkte gibt es wieder in unserer\u00a0Advent-H\u00fctte am Bayrhamerplatz\u00a0zu bestaunen und nat\u00fcrlich auch zu kaufen; z.B.: Halleiner Adventkalender f\u00fcr die Handtasche, Leckereienh\u00fctten f\u00fcr hausgemachte K\u00f6stlichkeiten, 15 Minuten Weihnachten in neuer Verpackung, Halleinkisten mit neuen Motiven, Taschent\u00fccherboxen mit Spr\u00fcche-K\u00fcche, Geschenkanh\u00e4nger, Brieflaternen, Aussichtskarten, Sch\u00fcttelkarten mit Hallein-Motiven, Eulenstiefel, Schneemann-Kakao und vieles mehr \u2026 Jedes St\u00fcck wurde mit viel Liebe zum Detail in Handarbeit gearbeitet. Kommt unbedingt vorbei, das m\u00fcsst ihr euch ansehen!<\/p>\n<\/div><\/div>[vc_empty_space height=&#8220;32px&#8220;][vc_gallery ids=&#8220;4590,4591,4592,4593,4594,4595,4559&#8243; columns=&#8220;3&#8243; masonry=&#8220;yes&#8220; indents=&#8220;yes&#8220;]<\/div><\/div><\/div><\/div><\/section>\n","protected":false},"excerpt":{"rendered":"Die Vorbereitungen laufen auf Hochtouren und am Freitag wird um 14:00 Uhr der Adventmarkt er\u00f6ffnet. \u00d6ffnungszeiten 27. November bis 24. Dezember 2015 FR 14 &#8211; 19 Uhr SA 10 &#8211; 19 Uhr SO 14 &#8211; 19 Uhr Sondertermine: 08.12.: 14 &#8211; 19 Uhr 23.12.: 17 &#8211; 19 Uhr &#8211; Nochtei 24.12.: 10 &#8211; 13 Uhr...","protected":false},"author":1,"featured_media":0,"comment_status":"open","ping_status":"closed","sticky":false,"template":"","format":"standard","meta":{"footnotes":""},"categories":[55,60,51],"tags":[],"class_list":["post-4589","post","type-post","status-publish","format-standard","hentry","category-luana","category-punch-art","category-stampinup"],"_links":{"self":[{"href":"https:\/\/dorispichler.at\/blog\/wp-json\/wp\/v2\/posts\/4589"}],"collection":[{"href":"https:\/\/dorispichler.at\/blog\/wp-json\/wp\/v2\/posts"}],"about":[{"href":"https:\/\/dorispichler.at\/blog\/wp-json\/wp\/v2\/types\/post"}],"author":[{"embeddable":true,"href":"https:\/\/dorispichler.at\/blog\/wp-json\/wp\/v2\/users\/1"}],"replies":[{"embeddable":true,"href":"https:\/\/dorispichler.at\/blog\/wp-json\/wp\/v2\/comments?post=4589"}],"version-history":[{"count":0,"href":"https:\/\/dorispichler.at\/blog\/wp-json\/wp\/v2\/posts\/4589\/revisions"}],"wp:attachment":[{"href":"https:\/\/dorispichler.at\/blog\/wp-json\/wp\/v2\/media?parent=4589"}],"wp:term":[{"taxonomy":"category","embeddable":true,"href":"https:\/\/dorispichler.at\/blog\/wp-json\/wp\/v2\/categories?post=4589"},{"taxonomy":"post_tag","embeddable":true,"href":"https:\/\/dorispichler.at\/blog\/wp-json\/wp\/v2\/tags?post=4589"}],"curies":[{"name":"wp","href":"https:\/\/api.w.org\/{rel}","templated":true}]}}