{"id":4092,"date":"2015-07-21T16:47:54","date_gmt":"2015-07-21T14:47:54","guid":{"rendered":"http:\/\/www.dorispichler.at\/blog\/?p=4092"},"modified":"2015-08-31T12:43:08","modified_gmt":"2015-08-31T10:43:08","slug":"geburtstagskarten","status":"publish","type":"post","link":"https:\/\/dorispichler.at\/blog\/geburtstagskarten\/","title":{"rendered":"Geburtstagkarten im Trachtenlook"},"content":{"rendered":"<section class=\"l-section wpb_row height_medium\"><div class=\"l-section-h i-cf\"><div class=\"g-cols vc_row via_grid cols_1 laptops-cols_inherit tablets-cols_inherit mobiles-cols_1 valign_top type_default stacking_default\"><div class=\"wpb_column vc_column_container\"><div class=\"vc_column-inner\"><div class=\"wpb_text_column\"><div class=\"wpb_wrapper\"><p>Hier eine Auswahl meiner Geburtstagskarten im Trachtenlook. Die verwendeten Stanzen sind von Stampin&#8216; Up! Diese Trachtenkarten beinhalten alles was man mit dem alpinen Bereich assoziiert: Schmetterlinge, Herzen, Gartenzwerge, Blumen und vieles mehr \u2026 \u00a0Es handelt sich hier um asymmetrische Doppelfl\u00fcgelkarten, die im Inneren Platz f\u00fcr Fotos oder Gl\u00fcckw\u00fcnsche\u00a0haben. Gerne fertige ich auch Trachtenkarten ganz nach Ihrem Geschmack, f\u00fcr jeden Anlass an. Bitte kontaktieren Sie mich \u2026<\/p>\n<\/div><\/div><\/div><\/div><\/div><\/div><\/section><section class=\"l-section wpb_row height_medium\"><div class=\"l-section-h i-cf\"><div class=\"g-cols vc_row via_grid cols_1 laptops-cols_inherit tablets-cols_inherit mobiles-cols_1 valign_top type_boxes stacking_default\"><div class=\"wpb_column vc_column_container\"><div class=\"vc_column-inner\">[vc_gallery ids=&#8220;4107,4108,4110,4111,4112,4113,4114,4115,4116,4117,4118,4119&#8243; columns=&#8220;3&#8243; masonry=&#8220;&#8220; indents=&#8220;yes&#8220;]<\/div><\/div><\/div><\/div><\/section>\n","protected":false},"excerpt":{"rendered":"Hier eine Auswahl meiner Geburtstagskarten im Trachtenlook. Die verwendeten Stanzen sind von Stampin&#8216; Up! Diese Trachtenkarten beinhalten alles was man mit dem alpinen Bereich assoziiert: Schmetterlinge, Herzen, Gartenzwerge, Blumen und vieles mehr \u2026 \u00a0Es handelt sich hier um asymmetrische Doppelfl\u00fcgelkarten, die im Inneren Platz f\u00fcr Fotos oder Gl\u00fcckw\u00fcnsche\u00a0haben. Gerne fertige ich auch Trachtenkarten ganz nach...","protected":false},"author":1,"featured_media":0,"comment_status":"open","ping_status":"closed","sticky":false,"template":"","format":"standard","meta":{"footnotes":""},"categories":[52],"tags":[],"class_list":["post-4092","post","type-post","status-publish","format-standard","hentry","category-dorispapierwerk"],"_links":{"self":[{"href":"https:\/\/dorispichler.at\/blog\/wp-json\/wp\/v2\/posts\/4092"}],"collection":[{"href":"https:\/\/dorispichler.at\/blog\/wp-json\/wp\/v2\/posts"}],"about":[{"href":"https:\/\/dorispichler.at\/blog\/wp-json\/wp\/v2\/types\/post"}],"author":[{"embeddable":true,"href":"https:\/\/dorispichler.at\/blog\/wp-json\/wp\/v2\/users\/1"}],"replies":[{"embeddable":true,"href":"https:\/\/dorispichler.at\/blog\/wp-json\/wp\/v2\/comments?post=4092"}],"version-history":[{"count":0,"href":"https:\/\/dorispichler.at\/blog\/wp-json\/wp\/v2\/posts\/4092\/revisions"}],"wp:attachment":[{"href":"https:\/\/dorispichler.at\/blog\/wp-json\/wp\/v2\/media?parent=4092"}],"wp:term":[{"taxonomy":"category","embeddable":true,"href":"https:\/\/dorispichler.at\/blog\/wp-json\/wp\/v2\/categories?post=4092"},{"taxonomy":"post_tag","embeddable":true,"href":"https:\/\/dorispichler.at\/blog\/wp-json\/wp\/v2\/tags?post=4092"}],"curies":[{"name":"wp","href":"https:\/\/api.w.org\/{rel}","templated":true}]}}