{"id":19461,"date":"2023-10-31T06:00:00","date_gmt":"2023-10-31T05:00:00","guid":{"rendered":"https:\/\/dorispichler.at\/blog\/?p=19461"},"modified":"2023-10-30T20:16:52","modified_gmt":"2023-10-30T19:16:52","slug":"kreativ-brief-oktober-23","status":"publish","type":"post","link":"https:\/\/dorispichler.at\/blog\/kreativ-brief-oktober-23\/","title":{"rendered":"Kreativ-Brief | Oktober 2023"},"content":{"rendered":"\n<div class=\"wp-block-media-text alignwide is-stacked-on-mobile\"><figure class=\"wp-block-media-text__media\"><img loading=\"lazy\" decoding=\"async\" width=\"640\" height=\"478\" src=\"https:\/\/dorispichler.at\/blog\/wp-content\/uploads\/2023\/10\/1023_material.jpg\" alt=\"\" class=\"wp-image-19462 size-full\" srcset=\"https:\/\/dorispichler.at\/blog\/wp-content\/uploads\/2023\/10\/1023_material.jpg 640w, https:\/\/dorispichler.at\/blog\/wp-content\/uploads\/2023\/10\/1023_material-300x224.jpg 300w, https:\/\/dorispichler.at\/blog\/wp-content\/uploads\/2023\/10\/1023_material-150x112.jpg 150w, https:\/\/dorispichler.at\/blog\/wp-content\/uploads\/2023\/10\/1023_material-600x448.jpg 600w, https:\/\/dorispichler.at\/blog\/wp-content\/uploads\/2023\/10\/1023_material-536x400.jpg 536w\" sizes=\"(max-width: 640px) 100vw, 640px\" \/><\/figure><div class=\"wp-block-media-text__content\">\n<p class=\"has-medium-font-size\">Mein Oktober-Kreativ-Brief war best\u00fcckt mit Farbkarton in Grundwei\u00df, Terrakotta und Schwarz &#8211; jeweils 7,4 x 10,5 cm, einem St\u00fcck Designerpapier 5 x 10 cm und einer halben Leckereinen-Schachtel in Grabsteinform.<\/p>\n<\/div><\/div>\n\n\n\n<p>Und hier ist meine Umsetzung:<\/p>\n\n\n\n<figure class=\"wp-block-image size-full\"><a ref=\"magnificPopup\" href=\"https:\/\/dorispichler.at\/blog\/wp-content\/uploads\/2023\/10\/1023dP_5517.jpg\"><img loading=\"lazy\" decoding=\"async\" width=\"600\" height=\"833\" src=\"https:\/\/dorispichler.at\/blog\/wp-content\/uploads\/2023\/10\/1023dP_5517.jpg\" alt=\"halloween-kreativbrief-1023\" class=\"wp-image-19464\" srcset=\"https:\/\/dorispichler.at\/blog\/wp-content\/uploads\/2023\/10\/1023dP_5517.jpg 600w, https:\/\/dorispichler.at\/blog\/wp-content\/uploads\/2023\/10\/1023dP_5517-216x300.jpg 216w, https:\/\/dorispichler.at\/blog\/wp-content\/uploads\/2023\/10\/1023dP_5517-108x150.jpg 108w, https:\/\/dorispichler.at\/blog\/wp-content\/uploads\/2023\/10\/1023dP_5517-150x208.jpg 150w, https:\/\/dorispichler.at\/blog\/wp-content\/uploads\/2023\/10\/1023dP_5517-288x400.jpg 288w\" sizes=\"(max-width: 600px) 100vw, 600px\" \/><\/a><figcaption class=\"wp-element-caption\">Es wird gruselig<\/figcaption><\/figure>\n\n\n\n<h2 class=\"wp-block-heading\">Happy Halloween<\/h2>\n\n\n\n<p>Zuallererst habe ich die halbe Grabsteinschachtel zerlegt. Teil 1 ist jetzt der Boden meiner Schachtel und aus Teil 2 habe ich einen Deckel gewerkt. Die Motive aus dem Designerpapier habe ich zerschnitten und wieder zusammen gesetzt.<\/p>\n\n\n\n<p>Es hat, wie immer, riesigen Spa\u00df gemacht.<\/p>\n\n\n\n<p>Hier noch ein Blick auf meine Gruselschachtel:<\/p>\n\n\n\n<figure class=\"wp-block-image size-full\"><img loading=\"lazy\" decoding=\"async\" width=\"911\" height=\"1000\" src=\"https:\/\/dorispichler.at\/blog\/wp-content\/uploads\/2023\/10\/1023dorisPichler_5521.jpg\" alt=\"\" class=\"wp-image-19463\" srcset=\"https:\/\/dorispichler.at\/blog\/wp-content\/uploads\/2023\/10\/1023dorisPichler_5521.jpg 911w, https:\/\/dorispichler.at\/blog\/wp-content\/uploads\/2023\/10\/1023dorisPichler_5521-273x300.jpg 273w, https:\/\/dorispichler.at\/blog\/wp-content\/uploads\/2023\/10\/1023dorisPichler_5521-137x150.jpg 137w, https:\/\/dorispichler.at\/blog\/wp-content\/uploads\/2023\/10\/1023dorisPichler_5521-768x843.jpg 768w, https:\/\/dorispichler.at\/blog\/wp-content\/uploads\/2023\/10\/1023dorisPichler_5521-600x659.jpg 600w, https:\/\/dorispichler.at\/blog\/wp-content\/uploads\/2023\/10\/1023dorisPichler_5521-150x165.jpg 150w, https:\/\/dorispichler.at\/blog\/wp-content\/uploads\/2023\/10\/1023dorisPichler_5521-364x400.jpg 364w\" sizes=\"(max-width: 911px) 100vw, 911px\" \/><\/figure>\n\n\n\n<p>Eine Auflistung des verwendeten Materials findet ihr wie immer am Ende des Blogbeitrags. <\/p>\n\n\n\n<p>Und jetzt genie\u00dft die Werken meiner Mitbastlerinnen. <a rel=\"noreferrer noopener\" aria-label=\"Claudia \u00bb (\u00f6ffnet in neuem Tab)\" href=\"https:\/\/www.mrs-catty.at\/\" target=\"_blank\">Claudia \u00bb<\/a> hat wie immer die Beitr\u00e4ge f\u00fcr uns zusammengefasst. <\/p>\n\n\n\n<p>Alles Liebe, eure Doris<\/p>\n\n\n[vc_separator type=&#8220;short&#8220; size=&#8220;small&#8220; icon=&#8220;eye&#8220;]\n\n\n\n<p>Kreativ-Brief Materialliste \u2013 mit einem Klick auf \u201eSupply List\u201c herunterladen. <\/p>\n\n\n\n<div><div><div id=\"9c3bd29e-3b95-4a37-bbdf-a0465d816170\"><iframe class=\"iframe-showcase\" src=\"https:\/\/mystampinblog.com\/Showcase\/Details\/77f2e90a-bcec-4164-bf9c-93d1f5d48207?layout=Carousel&#038;showSku=True&#038;showPrice=False&#038;showSalePrice=True&#038;showAddToCart=False&#038;showAddAllToCart=True&#038;showDownload=True&#038;transparent=False&#038;bordered=True&#038;hFontHeight=14&#038;rFontHeight=13&#038;imageHeight=120&#038;middleContent=False\" frameborder=\"0\" scrolling=\"no\" allowtransparency=\"true\" loading=\"lazy\" style=\"width:100%\"><\/iframe><\/div><script src=\"https:\/\/mystampinblog.com\/Script\/ShowcaseDetailsScript\"><\/script><\/div><\/div>\n","protected":false},"excerpt":{"rendered":"<p>Jedes Monat ein Kreativ-Brief mit Produkten von Stampin&#8216; Up! Und das habe ich daraus gewerkt.<\/p>\n","protected":false},"author":1,"featured_media":19465,"comment_status":"open","ping_status":"closed","sticky":false,"template":"","format":"standard","meta":{"footnotes":""},"categories":[88,82,356,51],"tags":[335,399,160,362,311,377,66,401],"class_list":["post-19461","post","type-post","status-publish","format-standard","has-post-thumbnail","hentry","category-halloween","category-kreativ-brief","category-minikatalog","category-stampinup","tag-altesmauerwerk","tag-cauldronbubble","tag-herbst","tag-herbstblaetter","tag-kreativbrief","tag-pekannuss","tag-stampinup","tag-strahlendestickeffekte"],"_links":{"self":[{"href":"https:\/\/dorispichler.at\/blog\/wp-json\/wp\/v2\/posts\/19461"}],"collection":[{"href":"https:\/\/dorispichler.at\/blog\/wp-json\/wp\/v2\/posts"}],"about":[{"href":"https:\/\/dorispichler.at\/blog\/wp-json\/wp\/v2\/types\/post"}],"author":[{"embeddable":true,"href":"https:\/\/dorispichler.at\/blog\/wp-json\/wp\/v2\/users\/1"}],"replies":[{"embeddable":true,"href":"https:\/\/dorispichler.at\/blog\/wp-json\/wp\/v2\/comments?post=19461"}],"version-history":[{"count":0,"href":"https:\/\/dorispichler.at\/blog\/wp-json\/wp\/v2\/posts\/19461\/revisions"}],"wp:featuredmedia":[{"embeddable":true,"href":"https:\/\/dorispichler.at\/blog\/wp-json\/wp\/v2\/media\/19465"}],"wp:attachment":[{"href":"https:\/\/dorispichler.at\/blog\/wp-json\/wp\/v2\/media?parent=19461"}],"wp:term":[{"taxonomy":"category","embeddable":true,"href":"https:\/\/dorispichler.at\/blog\/wp-json\/wp\/v2\/categories?post=19461"},{"taxonomy":"post_tag","embeddable":true,"href":"https:\/\/dorispichler.at\/blog\/wp-json\/wp\/v2\/tags?post=19461"}],"curies":[{"name":"wp","href":"https:\/\/api.w.org\/{rel}","templated":true}]}}