{"id":19074,"date":"2023-09-06T06:00:00","date_gmt":"2023-09-06T04:00:00","guid":{"rendered":"https:\/\/dorispichler.at\/blog\/?p=19074"},"modified":"2023-09-07T08:43:37","modified_gmt":"2023-09-07T06:43:37","slug":"der-neue-minikatalog-ist-da","status":"publish","type":"post","link":"https:\/\/dorispichler.at\/blog\/der-neue-minikatalog-ist-da\/","title":{"rendered":"Der neue Minikatalog ist da!"},"content":{"rendered":"\n<p><strong>Mit tollen Ideen zum Thema Herbst und Winter. <br><\/strong><em>G\u00fcltig von 6. September 2023 bis 3. J\u00e4nner 2024<\/em><\/p>\n\n\n\n<h2 class=\"wp-block-heading\">Start in den bunten Herbst<\/h2>\n\n\n\n<figure class=\"wp-block-image size-full is-resized\"><img loading=\"lazy\" decoding=\"async\" src=\"https:\/\/dorispichler.at\/blog\/wp-content\/uploads\/2023\/09\/2023_SD_P42.jpg\" alt=\"Herbstbl\u00e4tterrauschen\" class=\"wp-image-19075\" width=\"800\" height=\"600\" srcset=\"https:\/\/dorispichler.at\/blog\/wp-content\/uploads\/2023\/09\/2023_SD_P42.jpg 800w, https:\/\/dorispichler.at\/blog\/wp-content\/uploads\/2023\/09\/2023_SD_P42-300x225.jpg 300w, https:\/\/dorispichler.at\/blog\/wp-content\/uploads\/2023\/09\/2023_SD_P42-150x113.jpg 150w, https:\/\/dorispichler.at\/blog\/wp-content\/uploads\/2023\/09\/2023_SD_P42-768x576.jpg 768w, https:\/\/dorispichler.at\/blog\/wp-content\/uploads\/2023\/09\/2023_SD_P42-600x450.jpg 600w, https:\/\/dorispichler.at\/blog\/wp-content\/uploads\/2023\/09\/2023_SD_P42-533x400.jpg 533w\" sizes=\"(max-width: 800px) 100vw, 800px\" \/><figcaption class=\"wp-element-caption\">Produktreihe &#8222;Herrlich Herbstlich&#8220; auf Seite 42 im neuen Minikatalog September bis Dezember 2023<\/figcaption><\/figure>\n\n\n\n<p>Freut euch auf den neuen Minikatalog September bis Dezember 2023 mit vielen tollen Ideen f\u00fcr Herbst, Winter und Feiertage.<\/p>\n\n\n\n<p>Ihr k\u00f6nnt euch den <a rel=\"noreferrer noopener\" href=\"https:\/\/issuu.com\/stampinup\/docs\/sd223_de_at?fr=xKAE9_zU1NQ\" target=\"_blank\">Katalog online<\/a> ansehen, oder wer lieber in &#8222;echten&#8220; Katalogen bl\u00e4ttert, kann gerne ein kostenloses Exemplar bei mir bestellen.<\/p>\n\n\n\n<p>Ich w\u00fcnsche euch einen wundersch\u00f6nen Start in die herbstliche Bastelsaison.<\/p>\n\n\n\n<p>Alles Liebe<br>eure Doris<\/p>\n","protected":false},"excerpt":{"rendered":"<p>Mit tollen Ideen zum Thema Herbst und Winter. G\u00fcltig von 6. September 2023 bis 3. J\u00e4nner 2024 Start in den bunten Herbst Freut euch auf den neuen Minikatalog September bis Dezember 2023 mit vielen tollen Ideen f\u00fcr Herbst, Winter und Feiertage. Ihr k\u00f6nnt euch den Katalog online ansehen, oder wer lieber in &#8222;echten&#8220; Katalogen bl\u00e4ttert,&#8230;<\/p>\n","protected":false},"author":1,"featured_media":19076,"comment_status":"open","ping_status":"closed","sticky":false,"template":"","format":"standard","meta":{"footnotes":""},"categories":[360,356,51],"tags":[160,362,361,364,363,66],"class_list":["post-19074","post","type-post","status-publish","format-standard","has-post-thumbnail","hentry","category-herbst","category-minikatalog","category-stampinup","tag-herbst","tag-herbstblaetter","tag-herrlichherbstlich","tag-katalogpraesentation","tag-minikatalog","tag-stampinup"],"_links":{"self":[{"href":"https:\/\/dorispichler.at\/blog\/wp-json\/wp\/v2\/posts\/19074"}],"collection":[{"href":"https:\/\/dorispichler.at\/blog\/wp-json\/wp\/v2\/posts"}],"about":[{"href":"https:\/\/dorispichler.at\/blog\/wp-json\/wp\/v2\/types\/post"}],"author":[{"embeddable":true,"href":"https:\/\/dorispichler.at\/blog\/wp-json\/wp\/v2\/users\/1"}],"replies":[{"embeddable":true,"href":"https:\/\/dorispichler.at\/blog\/wp-json\/wp\/v2\/comments?post=19074"}],"version-history":[{"count":0,"href":"https:\/\/dorispichler.at\/blog\/wp-json\/wp\/v2\/posts\/19074\/revisions"}],"wp:featuredmedia":[{"embeddable":true,"href":"https:\/\/dorispichler.at\/blog\/wp-json\/wp\/v2\/media\/19076"}],"wp:attachment":[{"href":"https:\/\/dorispichler.at\/blog\/wp-json\/wp\/v2\/media?parent=19074"}],"wp:term":[{"taxonomy":"category","embeddable":true,"href":"https:\/\/dorispichler.at\/blog\/wp-json\/wp\/v2\/categories?post=19074"},{"taxonomy":"post_tag","embeddable":true,"href":"https:\/\/dorispichler.at\/blog\/wp-json\/wp\/v2\/tags?post=19074"}],"curies":[{"name":"wp","href":"https:\/\/api.w.org\/{rel}","templated":true}]}}