{"id":18792,"date":"2023-08-02T06:00:00","date_gmt":"2023-08-02T04:00:00","guid":{"rendered":"https:\/\/dorispichler.at\/blog\/?p=18792"},"modified":"2023-08-01T16:07:38","modified_gmt":"2023-08-01T14:07:38","slug":"kreativ-brief-juli-23","status":"publish","type":"post","link":"https:\/\/dorispichler.at\/blog\/kreativ-brief-juli-23\/","title":{"rendered":"Kreativ-Brief | Juli 2023"},"content":{"rendered":"\n<div class=\"wp-block-media-text alignwide is-stacked-on-mobile\"><figure class=\"wp-block-media-text__media\"><img loading=\"lazy\" decoding=\"async\" width=\"636\" height=\"480\" src=\"https:\/\/dorispichler.at\/blog\/wp-content\/uploads\/2023\/08\/0723-material.jpg\" alt=\"\" class=\"wp-image-18793 size-full\" srcset=\"https:\/\/dorispichler.at\/blog\/wp-content\/uploads\/2023\/08\/0723-material.jpg 636w, https:\/\/dorispichler.at\/blog\/wp-content\/uploads\/2023\/08\/0723-material-300x226.jpg 300w, https:\/\/dorispichler.at\/blog\/wp-content\/uploads\/2023\/08\/0723-material-150x113.jpg 150w, https:\/\/dorispichler.at\/blog\/wp-content\/uploads\/2023\/08\/0723-material-600x453.jpg 600w, https:\/\/dorispichler.at\/blog\/wp-content\/uploads\/2023\/08\/0723-material-530x400.jpg 530w\" sizes=\"(max-width: 636px) 100vw, 636px\" \/><\/figure><div class=\"wp-block-media-text__content\">\n<p class=\"has-medium-font-size\">Mein Februar-Kreativ-Brief war best\u00fcckt mit einem A5-Farbkarton in Grundwei\u00df, eine 3&#8243; x 3&#8243;-Karte mit Kuvert, einem Anker, etwas Kordel und einem Etikett aus dem Kartenset &#8222;Mein Anker&#8220; .<\/p>\n<\/div><\/div>\n\n\n\n<p>Und hier ist meine Umsetzung:<\/p>\n\n\n\n<figure class=\"wp-block-image size-full\"><a ref=\"magnificPopup\" href=\"https:\/\/dorispichler.at\/blog\/wp-content\/uploads\/2023\/08\/0723dP_4573.jpg\"><img loading=\"lazy\" decoding=\"async\" width=\"800\" height=\"600\" src=\"https:\/\/dorispichler.at\/blog\/wp-content\/uploads\/2023\/08\/0723dP_4573.jpg\" alt=\"mein Anker\" class=\"wp-image-18795\" srcset=\"https:\/\/dorispichler.at\/blog\/wp-content\/uploads\/2023\/08\/0723dP_4573.jpg 800w, https:\/\/dorispichler.at\/blog\/wp-content\/uploads\/2023\/08\/0723dP_4573-300x225.jpg 300w, https:\/\/dorispichler.at\/blog\/wp-content\/uploads\/2023\/08\/0723dP_4573-150x113.jpg 150w, https:\/\/dorispichler.at\/blog\/wp-content\/uploads\/2023\/08\/0723dP_4573-768x576.jpg 768w, https:\/\/dorispichler.at\/blog\/wp-content\/uploads\/2023\/08\/0723dP_4573-600x450.jpg 600w, https:\/\/dorispichler.at\/blog\/wp-content\/uploads\/2023\/08\/0723dP_4573-533x400.jpg 533w\" sizes=\"(max-width: 800px) 100vw, 800px\" \/><\/a><figcaption class=\"wp-element-caption\">Aus dem Materialpaket entstand eine Pizzabox.<\/figcaption><\/figure>\n\n\n\n<h2 class=\"wp-block-heading\">Mein Anker<\/h2>\n\n\n\n<p>Aus dem A5-Karton in Grundwei\u00df entstand diese Pizzabox. Als Designerpapier diente die kleine Karte, aus dem Anker und dem kleinen Etikett wurde die Verzierung.<\/p>\n\n\n\n<p>Zum Gl\u00fcck hatte ich das Kartenset &#8222;Mein Anker&#8220; zu Hause und somit hatte ich auch den passenden Stempel.<\/p>\n\n\n\n<p>Auch dieses Mal habe ich fast das Ganze Materialpaket aufgebraucht, nur das Kuvert und ein kleiner Streifen wei\u00dfer Farbkarton sind f\u00fcr ein anderes Projekt \u00fcbrig geblieben.<\/p>\n\n\n\n<p>Eine Auflistung des verwendeten Materials findet ihr wie immer am Ende des Blogbeitrags. <\/p>\n\n\n\n<p>Und jetzt genie\u00dft die Werken meiner Mitbastlerinnen. <a rel=\"noreferrer noopener\" aria-label=\"Claudia \u00bb (\u00f6ffnet in neuem Tab)\" href=\"https:\/\/www.mrs-catty.at\/\" target=\"_blank\">Claudia \u00bb<\/a> hat wie immer die Beitr\u00e4ge f\u00fcr uns zusammengefasst. <\/p>\n\n\n\n<h3 class=\"has-background wp-block-heading\" style=\"background-color:#fcd70091\">Aktion mit Kreativsets<\/h3>\n\n\n\n<p class=\"has-background\" style=\"background-color:#fcd70091\">Von 1. bis 31. August sind alle Kreativsets verg\u00fcnstigt. Schaut einmal auf der <a href=\"https:\/\/www.stampinup.at\/categories\/shop-products\/other-products\/kits-collection?demoid=5018300\">Stampin&#8216;-Up!-Homepage <\/a>vorbei! Das Angebot gilt solange der Vorrat reicht. Das Kartenset <a href=\"https:\/\/www.stampinup.at\/products\/kartenset-mein-anker-(deutsch)?demoid=5018300\"><strong>&#8222;Mein Anker&#8220;<\/strong><\/a> ist auch dabei und kostet jetzt nur \u20ac 18,20! Daraus lassen sich viele tolle Projekte gestalten, ein entz\u00fcckendes Stempelset ist auch dabei &#8211; alle Details dazu auf der Homepage.<\/p>\n\n\n\n<p>Alles Liebe, eure Doris<\/p>\n\n\n[vc_separator type=&#8220;short&#8220; size=&#8220;small&#8220; icon=&#8220;eye&#8220;]\n\n\n\n<p>Kreativ-Brief Materialliste \u2013 mit einem Klick auf \u201eSupply List\u201c herunterladen. <\/p>\n\n\n\n<div><div><div id=\"6a6b2bec-e088-48c5-b6df-6645575827b8\"><iframe class=\"iframe-showcase\" src=\"https:\/\/mystampinblog.com\/Showcase\/Details\/59c1a421-8e67-4925-a0bb-10c8a0bd580e?layout=Carousel&amp;showSku=True&amp;showPrice=True&amp;showSalePrice=True&amp;showAddToCart=False&amp;showAddAllToCart=True&amp;showDownload=True&amp;transparent=False&amp;bordered=True&amp;hFontHeight=14&amp;rFontHeight=13&amp;imageHeight=120&amp;middleContent=False\" frameborder=\"0\" scrolling=\"no\" allowtransparency=\"true\" loading=\"lazy\" style=\"width:100%\"><\/iframe><\/div><script src=\"https:\/\/mystampinblog.com\/Script\/ShowcaseDetailsScript\"><\/script><\/div><\/div>\n","protected":false},"excerpt":{"rendered":"<p>Jedes Monat ein Kreativ-Brief mit Produkten von Stampin&#8216; Up! Und das habe ich daraus gewerkt.<\/p>\n","protected":false},"author":1,"featured_media":18794,"comment_status":"open","ping_status":"closed","sticky":false,"template":"","format":"standard","meta":{"footnotes":""},"categories":[82,51],"tags":[311,339,151,66],"class_list":["post-18792","post","type-post","status-publish","format-standard","has-post-thumbnail","hentry","category-kreativ-brief","category-stampinup","tag-kreativbrief","tag-kreativset","tag-meinanker","tag-stampinup"],"_links":{"self":[{"href":"https:\/\/dorispichler.at\/blog\/wp-json\/wp\/v2\/posts\/18792"}],"collection":[{"href":"https:\/\/dorispichler.at\/blog\/wp-json\/wp\/v2\/posts"}],"about":[{"href":"https:\/\/dorispichler.at\/blog\/wp-json\/wp\/v2\/types\/post"}],"author":[{"embeddable":true,"href":"https:\/\/dorispichler.at\/blog\/wp-json\/wp\/v2\/users\/1"}],"replies":[{"embeddable":true,"href":"https:\/\/dorispichler.at\/blog\/wp-json\/wp\/v2\/comments?post=18792"}],"version-history":[{"count":0,"href":"https:\/\/dorispichler.at\/blog\/wp-json\/wp\/v2\/posts\/18792\/revisions"}],"wp:featuredmedia":[{"embeddable":true,"href":"https:\/\/dorispichler.at\/blog\/wp-json\/wp\/v2\/media\/18794"}],"wp:attachment":[{"href":"https:\/\/dorispichler.at\/blog\/wp-json\/wp\/v2\/media?parent=18792"}],"wp:term":[{"taxonomy":"category","embeddable":true,"href":"https:\/\/dorispichler.at\/blog\/wp-json\/wp\/v2\/categories?post=18792"},{"taxonomy":"post_tag","embeddable":true,"href":"https:\/\/dorispichler.at\/blog\/wp-json\/wp\/v2\/tags?post=18792"}],"curies":[{"name":"wp","href":"https:\/\/api.w.org\/{rel}","templated":true}]}}