{"id":17038,"date":"2022-12-14T09:33:11","date_gmt":"2022-12-14T08:33:11","guid":{"rendered":"https:\/\/dorispichler.at\/blog\/?p=17038"},"modified":"2022-12-15T10:57:13","modified_gmt":"2022-12-15T09:57:13","slug":"adventkalender-packerl-nr-14","status":"publish","type":"post","link":"https:\/\/dorispichler.at\/blog\/adventkalender-packerl-nr-14\/","title":{"rendered":"Adventkalender Packerl Nr. 14"},"content":{"rendered":"\n<p>Jeden Tag im Advent freue ich mich \u00fcber ein neues Packerl aus unserem Teamadventkalender. Unsere Farben in diesem Jahr: Blau, Grau und Metallic. Heute ist meine Verpackung dran.<\/p>\n\n\n\n<figure class=\"wp-block-image size-large\"><img loading=\"lazy\" decoding=\"async\" width=\"1024\" height=\"378\" src=\"https:\/\/dorispichler.at\/blog\/wp-content\/uploads\/2022\/12\/IMG_1919-1024x378.jpg\" alt=\"\" class=\"wp-image-17044\" srcset=\"https:\/\/dorispichler.at\/blog\/wp-content\/uploads\/2022\/12\/IMG_1919-1024x378.jpg 1024w, https:\/\/dorispichler.at\/blog\/wp-content\/uploads\/2022\/12\/IMG_1919-300x111.jpg 300w, https:\/\/dorispichler.at\/blog\/wp-content\/uploads\/2022\/12\/IMG_1919-150x55.jpg 150w, https:\/\/dorispichler.at\/blog\/wp-content\/uploads\/2022\/12\/IMG_1919-768x283.jpg 768w, https:\/\/dorispichler.at\/blog\/wp-content\/uploads\/2022\/12\/IMG_1919-600x221.jpg 600w, https:\/\/dorispichler.at\/blog\/wp-content\/uploads\/2022\/12\/IMG_1919.jpg 1084w\" sizes=\"(max-width: 1024px) 100vw, 1024px\" \/><figcaption><em>Packerl Nr. 14 aus dem Teamadventkalender<\/em><\/figcaption><\/figure>\n\n\n\n<p>Mein meistverwendetes Produktpaket aus dem Herbst-Winterkatalog 2022 kam hier zum Einsatz. Das Stempelset &#8222;S\u00fc\u00dfe Weihnachtszeit&#8220; mit den Stanzformen &#8222;Lebkuchenhaus&#8220;. F\u00fcr die Zahlen habe ich die Stanzformen &#8222;Geschenkschachtel nach Wunsch&#8220; verwendet. <\/p>\n\n\n\n<p>Mein Probeh\u00e4uschen war super schnell fertig und hat auch wunderbar gehalten. Nur bei den 24 weiteren hat es ganz sch\u00f6n gehakt: Goldk\u00fcgelchen hineingesteckt &#8211; Verschluss springt wieder auf \u2026 Zu guter Letzt habe ich dann \u00fcberall einen Magnet in den Verschluss gesteckt &#8211; h\u00e4lt bombenfest.<\/p>\n\n\n\n<p>Dann noch alles gut verpacken \u2026 auch eine l\u00e4ngere Puzzlearbeit \u2013 24 H\u00e4uschen haben genau hineingepasst, aber ich sollte ja 25 verschicken. Mit etwas Geduld hat auch das &#8211; mit ein paar Mal kr\u00e4ftigen durchatmen \u2013 geklappt.<\/p>\n\n\n\n<figure class=\"wp-block-image size-full\"><img loading=\"lazy\" decoding=\"async\" width=\"1000\" height=\"736\" src=\"https:\/\/dorispichler.at\/blog\/wp-content\/uploads\/2022\/12\/adventkal-14_1923.jpg\" alt=\"\" class=\"wp-image-17041\" srcset=\"https:\/\/dorispichler.at\/blog\/wp-content\/uploads\/2022\/12\/adventkal-14_1923.jpg 1000w, https:\/\/dorispichler.at\/blog\/wp-content\/uploads\/2022\/12\/adventkal-14_1923-300x221.jpg 300w, https:\/\/dorispichler.at\/blog\/wp-content\/uploads\/2022\/12\/adventkal-14_1923-150x110.jpg 150w, https:\/\/dorispichler.at\/blog\/wp-content\/uploads\/2022\/12\/adventkal-14_1923-768x565.jpg 768w, https:\/\/dorispichler.at\/blog\/wp-content\/uploads\/2022\/12\/adventkal-14_1923-600x442.jpg 600w, https:\/\/dorispichler.at\/blog\/wp-content\/uploads\/2022\/12\/adventkal-14_1923-543x400.jpg 543w\" sizes=\"(max-width: 1000px) 100vw, 1000px\" \/><\/figure>\n\n\n\n<p>Und es war schon h\u00f6chste Zeit das Packerl an Astrid zu schicken, damit sie alle Adventkalender noch rechtzeitig zusammenpacken und verschicken kann.<\/p>\n\n\n\n<p>Und so sieht der komplette Kalender aus:<\/p>\n\n\n\n<figure class=\"wp-block-image size-large\"><img loading=\"lazy\" decoding=\"async\" width=\"1024\" height=\"1024\" src=\"https:\/\/dorispichler.at\/blog\/wp-content\/uploads\/2022\/12\/advdentkal_team-1024x1024.jpg\" alt=\"\" class=\"wp-image-17039\" srcset=\"https:\/\/dorispichler.at\/blog\/wp-content\/uploads\/2022\/12\/advdentkal_team-1024x1024.jpg 1024w, https:\/\/dorispichler.at\/blog\/wp-content\/uploads\/2022\/12\/advdentkal_team-300x300.jpg 300w, https:\/\/dorispichler.at\/blog\/wp-content\/uploads\/2022\/12\/advdentkal_team-150x150.jpg 150w, https:\/\/dorispichler.at\/blog\/wp-content\/uploads\/2022\/12\/advdentkal_team-768x768.jpg 768w, https:\/\/dorispichler.at\/blog\/wp-content\/uploads\/2022\/12\/advdentkal_team-600x600.jpg 600w, https:\/\/dorispichler.at\/blog\/wp-content\/uploads\/2022\/12\/advdentkal_team-350x350.jpg 350w, https:\/\/dorispichler.at\/blog\/wp-content\/uploads\/2022\/12\/advdentkal_team-400x400.jpg 400w, https:\/\/dorispichler.at\/blog\/wp-content\/uploads\/2022\/12\/advdentkal_team.jpg 1440w\" sizes=\"(max-width: 1024px) 100vw, 1024px\" \/><figcaption><em>Jeden Tag eine neue entz\u00fcckende Idee aus unserem Teamadventkalender<\/em> (Foto von Astrid)<\/figcaption><\/figure>\n\n\n\n<p>Ich w\u00fcnsche euch viel Freude im Advent. Eine komplette Materialauflistung findet ihr wie immer am Ende des Beitrags. Ich w\u00fcnsche euch noch viel Spa\u00df beim Basteln.<\/p>\n\n\n\n<p>Alles Liebe<br>eure Doris<\/p>\n\n\n\n<hr class=\"wp-block-separator has-alpha-channel-opacity is-style-dots\"\/>\n\n\n\n<p>Materialliste:<\/p>\n\n\n\n<div><div><div id=\"673250df-47bd-4f40-a3b5-35ed81214ff6\"><iframe class=\"iframe-showcase\" src=\"https:\/\/mystampinblog.com\/Showcase\/Details\/0117069a-5dc8-42d0-b1e9-b738dcbe45b9?layout=Carousel&amp;showSku=True&amp;showPrice=True&amp;showSalePrice=True&amp;showAddToCart=False&amp;showAddAllToCart=True&amp;showDownload=True&amp;transparent=False&amp;bordered=True&amp;hFontHeight=14&amp;rFontHeight=13&amp;imageHeight=120&amp;middleContent=False\" frameborder=\"0\" scrolling=\"no\" allowtransparency=\"true\" loading=\"lazy\" style=\"width:100%\"><\/iframe><\/div><script src=\"https:\/\/mystampinblog.com\/Script\/ShowcaseDetailsScript\"><\/script><\/div><\/div>\n","protected":false},"excerpt":{"rendered":"<p>Jeden Tag im Advent freue ich mich \u00fcber ein neues Packerl aus unserem Teamadventkalender. Unsere Farben in diesem Jahr: Blau, Grau und Metallic. Heute ist meine Verpackung dran. Mein meistverwendetes Produktpaket aus dem Herbst-Winterkatalog 2022 kam hier zum Einsatz. Das Stempelset &#8222;S\u00fc\u00dfe Weihnachtszeit&#8220; mit den Stanzformen &#8222;Lebkuchenhaus&#8220;. F\u00fcr die Zahlen habe ich die Stanzformen &#8222;Geschenkschachtel&#8230;<\/p>\n","protected":false},"author":1,"featured_media":17042,"comment_status":"open","ping_status":"closed","sticky":false,"template":"","format":"standard","meta":{"footnotes":""},"categories":[118,51,63],"tags":[243,258,181,234,225],"class_list":["post-17038","post","type-post","status-publish","format-standard","has-post-thumbnail","hentry","category-advent","category-stampinup","category-verpackung","tag-advent","tag-adventkalender","tag-geschenkschachtelnachwunsch","tag-lebkuchenhaus","tag-suesseweihnachtszeit"],"_links":{"self":[{"href":"https:\/\/dorispichler.at\/blog\/wp-json\/wp\/v2\/posts\/17038"}],"collection":[{"href":"https:\/\/dorispichler.at\/blog\/wp-json\/wp\/v2\/posts"}],"about":[{"href":"https:\/\/dorispichler.at\/blog\/wp-json\/wp\/v2\/types\/post"}],"author":[{"embeddable":true,"href":"https:\/\/dorispichler.at\/blog\/wp-json\/wp\/v2\/users\/1"}],"replies":[{"embeddable":true,"href":"https:\/\/dorispichler.at\/blog\/wp-json\/wp\/v2\/comments?post=17038"}],"version-history":[{"count":0,"href":"https:\/\/dorispichler.at\/blog\/wp-json\/wp\/v2\/posts\/17038\/revisions"}],"wp:featuredmedia":[{"embeddable":true,"href":"https:\/\/dorispichler.at\/blog\/wp-json\/wp\/v2\/media\/17042"}],"wp:attachment":[{"href":"https:\/\/dorispichler.at\/blog\/wp-json\/wp\/v2\/media?parent=17038"}],"wp:term":[{"taxonomy":"category","embeddable":true,"href":"https:\/\/dorispichler.at\/blog\/wp-json\/wp\/v2\/categories?post=17038"},{"taxonomy":"post_tag","embeddable":true,"href":"https:\/\/dorispichler.at\/blog\/wp-json\/wp\/v2\/tags?post=17038"}],"curies":[{"name":"wp","href":"https:\/\/api.w.org\/{rel}","templated":true}]}}