{"id":15866,"date":"2022-08-31T06:00:00","date_gmt":"2022-08-31T04:00:00","guid":{"rendered":"https:\/\/dorispichler.at\/blog\/?p=15866"},"modified":"2022-08-28T19:36:06","modified_gmt":"2022-08-28T17:36:06","slug":"monatschallenge-august","status":"publish","type":"post","link":"https:\/\/dorispichler.at\/blog\/monatschallenge-august\/","title":{"rendered":"Monatschallenge August"},"content":{"rendered":"\n<p>Das Thema im August ist &#8222;Herbst-Winter-Minikatalog&#8220;:\u00a0<\/p>\n\n\n\n<p>Sucht euch aus dem aktuellen\u00a0 Minikatalog\u00a0EIN Stempelset\/Produktpaket\u00a0und zeigt uns damit bis zum 31.8. in unserer Whatsapp-Grupppe\u00a0ZWEI unterschiedliche\u00a0Projekte, die ihr damit gemacht habt.<\/p>\n\n\n\n<p><strong>Projekt Nr. 1<\/strong><\/p>\n\n\n\n<figure class=\"wp-block-image size-full\"><img loading=\"lazy\" decoding=\"async\" width=\"600\" height=\"800\" src=\"https:\/\/dorispichler.at\/blog\/wp-content\/uploads\/2022\/08\/0822_1335.jpg\" alt=\"monatschallenge08espen\" class=\"wp-image-15867\" srcset=\"https:\/\/dorispichler.at\/blog\/wp-content\/uploads\/2022\/08\/0822_1335.jpg 600w, https:\/\/dorispichler.at\/blog\/wp-content\/uploads\/2022\/08\/0822_1335-225x300.jpg 225w, https:\/\/dorispichler.at\/blog\/wp-content\/uploads\/2022\/08\/0822_1335-113x150.jpg 113w, https:\/\/dorispichler.at\/blog\/wp-content\/uploads\/2022\/08\/0822_1335-450x600.jpg 450w, https:\/\/dorispichler.at\/blog\/wp-content\/uploads\/2022\/08\/0822_1335-150x200.jpg 150w, https:\/\/dorispichler.at\/blog\/wp-content\/uploads\/2022\/08\/0822_1335-300x400.jpg 300w\" sizes=\"(max-width: 600px) 100vw, 600px\" \/><\/figure>\n\n\n\n<p>F\u00fcr meine erste Karte habe ich die gro\u00dfe Stanze mit ein wenig Schiefergrau angepinselt und die Bl\u00e4tter mit verschiedenen Gelb-Gr\u00fcn-Rott\u00f6nen eingef\u00e4rbt. Die Pilze und den Schmetterling habe ich aus dem Designerpapier &#8222;Kreislauf der Natur&#8220; ausgeschnitten, die Grasstanze findet man in den Stanzformen &#8222;Palmen&#8220;<\/p>\n\n\n\n<p><strong>Projekt Nr. 2<\/strong><\/p>\n\n\n\n<figure class=\"wp-block-image size-full\"><img loading=\"lazy\" decoding=\"async\" width=\"600\" height=\"800\" src=\"https:\/\/dorispichler.at\/blog\/wp-content\/uploads\/2022\/08\/0822_1339.jpg\" alt=\"\" class=\"wp-image-15871\" srcset=\"https:\/\/dorispichler.at\/blog\/wp-content\/uploads\/2022\/08\/0822_1339.jpg 600w, https:\/\/dorispichler.at\/blog\/wp-content\/uploads\/2022\/08\/0822_1339-225x300.jpg 225w, https:\/\/dorispichler.at\/blog\/wp-content\/uploads\/2022\/08\/0822_1339-113x150.jpg 113w, https:\/\/dorispichler.at\/blog\/wp-content\/uploads\/2022\/08\/0822_1339-450x600.jpg 450w, https:\/\/dorispichler.at\/blog\/wp-content\/uploads\/2022\/08\/0822_1339-150x200.jpg 150w, https:\/\/dorispichler.at\/blog\/wp-content\/uploads\/2022\/08\/0822_1339-300x400.jpg 300w\" sizes=\"(max-width: 600px) 100vw, 600px\" \/><\/figure>\n\n\n\n<p>Bei dieser Karte habe ich die Stanzform als Schablone verwendet und mit den Blending-Pinseln in Babyblau eingef\u00e4rbt. Den Vogel habe ich mit Stampin&#8216; Blends eingef\u00e4rbt.<\/p>\n\n\n\n<p>Eine vollst\u00e4ndige Materialliste findet Ihr am Ende des Blogbeitrags.<\/p>\n\n\n\n<p>Ich w\u00fcnsche euch viel Spa\u00df beim Basteln<br>Alles Liebe<br>Doris<\/p>\n\n\n\n<hr class=\"wp-block-separator has-alpha-channel-opacity\"\/>\n\n\n\n<p><strong>Materialliste:<\/strong><\/p>\n\n\n\n<div><div><div id=\"a3d8b6aa-7a54-4330-a901-ab45c059c6da\"><iframe class=\"iframe-showcase\" src=\"https:\/\/mystampinblog.com\/Showcase\/Details\/49e10a2b-0295-4425-8d36-cf495e318cf5?layout=Carousel&#038;showSku=True&#038;showPrice=True&#038;showSalePrice=True&#038;showAddToCart=False&#038;showAddAllToCart=True&#038;showDownload=True&#038;transparent=False&#038;bordered=True&#038;hFontHeight=14&#038;rFontHeight=13&#038;imageHeight=120&#038;middleContent=False\" frameborder=\"0\" scrolling=\"no\" allowtransparency=\"true\" loading=\"lazy\" style=\"width:100%\"><\/iframe><\/div><script src=\"https:\/\/mystampinblog.com\/Script\/ShowcaseDetailsScript\"><\/script><\/div><\/div>\n","protected":false},"excerpt":{"rendered":"<p>Das Thema im August ist &#8222;Herbst-Winter-Minikatalog&#8220;:\u00a0 Sucht euch aus dem aktuellen\u00a0 Minikatalog\u00a0EIN Stempelset\/Produktpaket\u00a0und zeigt uns damit bis zum 31.8. in unserer Whatsapp-Grupppe\u00a0ZWEI unterschiedliche\u00a0Projekte, die ihr damit gemacht habt. Projekt Nr. 1 F\u00fcr meine erste Karte habe ich die gro\u00dfe Stanze mit ein wenig Schiefergrau angepinselt und die Bl\u00e4tter mit verschiedenen Gelb-Gr\u00fcn-Rott\u00f6nen eingef\u00e4rbt. Die Pilze und&#8230;<\/p>\n","protected":false},"author":1,"featured_media":15869,"comment_status":"open","ping_status":"closed","sticky":false,"template":"","format":"standard","meta":{"footnotes":""},"categories":[159,51],"tags":[161,160,156,162,152,66],"class_list":["post-15866","post","type-post","status-publish","format-standard","has-post-thumbnail","hentry","category-monatschallenge","category-stampinup","tag-espen","tag-herbst","tag-kreislaufdernatur","tag-natur","tag-palmen","tag-stampinup"],"_links":{"self":[{"href":"https:\/\/dorispichler.at\/blog\/wp-json\/wp\/v2\/posts\/15866"}],"collection":[{"href":"https:\/\/dorispichler.at\/blog\/wp-json\/wp\/v2\/posts"}],"about":[{"href":"https:\/\/dorispichler.at\/blog\/wp-json\/wp\/v2\/types\/post"}],"author":[{"embeddable":true,"href":"https:\/\/dorispichler.at\/blog\/wp-json\/wp\/v2\/users\/1"}],"replies":[{"embeddable":true,"href":"https:\/\/dorispichler.at\/blog\/wp-json\/wp\/v2\/comments?post=15866"}],"version-history":[{"count":0,"href":"https:\/\/dorispichler.at\/blog\/wp-json\/wp\/v2\/posts\/15866\/revisions"}],"wp:featuredmedia":[{"embeddable":true,"href":"https:\/\/dorispichler.at\/blog\/wp-json\/wp\/v2\/media\/15869"}],"wp:attachment":[{"href":"https:\/\/dorispichler.at\/blog\/wp-json\/wp\/v2\/media?parent=15866"}],"wp:term":[{"taxonomy":"category","embeddable":true,"href":"https:\/\/dorispichler.at\/blog\/wp-json\/wp\/v2\/categories?post=15866"},{"taxonomy":"post_tag","embeddable":true,"href":"https:\/\/dorispichler.at\/blog\/wp-json\/wp\/v2\/tags?post=15866"}],"curies":[{"name":"wp","href":"https:\/\/api.w.org\/{rel}","templated":true}]}}