{"id":15565,"date":"2022-06-02T06:00:00","date_gmt":"2022-06-02T04:00:00","guid":{"rendered":"https:\/\/dorispichler.at\/blog\/?p=15565"},"modified":"2022-06-02T08:02:45","modified_gmt":"2022-06-02T06:02:45","slug":"kreativ-brief-mai-22","status":"publish","type":"post","link":"https:\/\/dorispichler.at\/blog\/kreativ-brief-mai-22\/","title":{"rendered":"Kreativ-Brief | Mai 2022"},"content":{"rendered":"\n<div class=\"wp-block-media-text alignwide is-stacked-on-mobile\"><figure class=\"wp-block-media-text__media\"><img loading=\"lazy\" decoding=\"async\" width=\"480\" height=\"516\" src=\"https:\/\/dorispichler.at\/blog\/wp-content\/uploads\/2022\/06\/0522_material.jpg\" alt=\"\" class=\"wp-image-15572 size-full\" srcset=\"https:\/\/dorispichler.at\/blog\/wp-content\/uploads\/2022\/06\/0522_material.jpg 480w, https:\/\/dorispichler.at\/blog\/wp-content\/uploads\/2022\/06\/0522_material-279x300.jpg 279w, https:\/\/dorispichler.at\/blog\/wp-content\/uploads\/2022\/06\/0522_material-140x150.jpg 140w, https:\/\/dorispichler.at\/blog\/wp-content\/uploads\/2022\/06\/0522_material-150x161.jpg 150w, https:\/\/dorispichler.at\/blog\/wp-content\/uploads\/2022\/06\/0522_material-372x400.jpg 372w\" sizes=\"(max-width: 480px) 100vw, 480px\" \/><\/figure><div class=\"wp-block-media-text__content\">\n<p class=\"has-small-font-size\">Mein Mai-Kreativ-Brief war best\u00fcckt mit je einem A5-Farbkarton in Grundwei\u00df und Karibikblau, einem St\u00fcck Designerpapier &#8222;In Color 2022-2024&#8220; 3 x 6 Zoll und 25 cm Kordel in Karibikblau.<\/p>\n<\/div><\/div>\n\n\n\n<p>Und hier ist meine Umsetzung:<\/p>\n\n\n\n<figure class=\"wp-block-image size-large\"><a ref=\"magnificPopup\" href=\"https:\/\/dorispichler.at\/blog\/wp-content\/uploads\/2022\/06\/0522dorisPichler.jpg\"><img loading=\"lazy\" decoding=\"async\" width=\"1024\" height=\"512\" src=\"https:\/\/dorispichler.at\/blog\/wp-content\/uploads\/2022\/06\/0522dorisPichler-1024x512.jpg\" alt=\"incolor\" class=\"wp-image-15566\" srcset=\"https:\/\/dorispichler.at\/blog\/wp-content\/uploads\/2022\/06\/0522dorisPichler-1024x512.jpg 1024w, https:\/\/dorispichler.at\/blog\/wp-content\/uploads\/2022\/06\/0522dorisPichler-300x150.jpg 300w, https:\/\/dorispichler.at\/blog\/wp-content\/uploads\/2022\/06\/0522dorisPichler-150x75.jpg 150w, https:\/\/dorispichler.at\/blog\/wp-content\/uploads\/2022\/06\/0522dorisPichler-768x384.jpg 768w, https:\/\/dorispichler.at\/blog\/wp-content\/uploads\/2022\/06\/0522dorisPichler-1536x768.jpg 1536w, https:\/\/dorispichler.at\/blog\/wp-content\/uploads\/2022\/06\/0522dorisPichler-600x300.jpg 600w, https:\/\/dorispichler.at\/blog\/wp-content\/uploads\/2022\/06\/0522dorisPichler.jpg 1600w\" sizes=\"(max-width: 1024px) 100vw, 1024px\" \/><\/a><figcaption>Zackenschachtel in Karibikblau<\/figcaption><\/figure>\n\n\n\n<h2 class=\"wp-block-heading\">InColor 2022-2024 Karibikblau<\/h2>\n\n\n\n<p>Aus dem vorgegebenen Material habe ich eine Zackenschachtel entworfen. Und auch dieses Mal ist vom Materialpaket nur wenig \u00fcbrig geblieben. Die Kordel habe ich leider nicht mehr untergebracht \u2026<\/p>\n\n\n\n<p>Meine fertige Schachtel hat die Ma\u00dfe 7 x 7 x 4 cm. <\/p>\n\n\n\n<p>Neugierig geworden? Ihr habt Lust auch selbst zu basteln? Dann meldet euch bei mir. <\/p>\n\n\n\n<p>Den Link zum verwendeten Material findet ihr wie immer am Ende des Beitrags.<\/p>\n\n\n\n<figure class=\"wp-block-image size-full\"><img loading=\"lazy\" decoding=\"async\" width=\"800\" height=\"600\" src=\"https:\/\/dorispichler.at\/blog\/wp-content\/uploads\/2022\/06\/0522dP_0294.jpg\" alt=\"\" class=\"wp-image-15569\" srcset=\"https:\/\/dorispichler.at\/blog\/wp-content\/uploads\/2022\/06\/0522dP_0294.jpg 800w, https:\/\/dorispichler.at\/blog\/wp-content\/uploads\/2022\/06\/0522dP_0294-300x225.jpg 300w, https:\/\/dorispichler.at\/blog\/wp-content\/uploads\/2022\/06\/0522dP_0294-150x113.jpg 150w, https:\/\/dorispichler.at\/blog\/wp-content\/uploads\/2022\/06\/0522dP_0294-768x576.jpg 768w, https:\/\/dorispichler.at\/blog\/wp-content\/uploads\/2022\/06\/0522dP_0294-600x450.jpg 600w, https:\/\/dorispichler.at\/blog\/wp-content\/uploads\/2022\/06\/0522dP_0294-533x400.jpg 533w\" sizes=\"(max-width: 800px) 100vw, 800px\" \/><\/figure>\n\n\n\n<p>Und jetzt lasst euch von den Werken meiner Mitbastlerinnen begeistern. <a rel=\"noreferrer noopener\" aria-label=\"Claudia \u00bb (\u00f6ffnet in neuem Tab)\" href=\"https:\/\/www.mrs-catty.at\/\" target=\"_blank\">Claudia \u00bb<\/a> hat wie immer die Beitr\u00e4ge f\u00fcr uns zusammengefasst.<\/p>\n\n\n[vc_separator type=&#8220;short&#8220; size=&#8220;small&#8220; icon=&#8220;eye&#8220;]\n\n\n\n<p>Kreativ-Brief Materialliste \u2013 mit einem Klick auf \u201eSupply List\u201c herunterladen. <\/p>\n\n\n\n<div><div><div id=\"10367c8f-9f11-4694-9518-0d1b0b7f7424\"><iframe class=\"iframe-showcase\" src=\"https:\/\/mystampinblog.com\/Showcase\/Details\/b3a04d74-480c-4951-9299-2491c05ac388?layout=Carousel&amp;showSku=True&amp;showPrice=True&amp;showSalePrice=True&amp;showAddToCart=False&amp;showAddAllToCart=True&amp;showDownload=True&amp;transparent=False&amp;bordered=True&amp;hFontHeight=14&amp;rFontHeight=13&amp;imageHeight=120&amp;middleContent=False\" frameborder=\"0\" scrolling=\"no\" allowtransparency=\"true\" style=\"width:100%\"><\/iframe><\/div><script src=\"https:\/\/mystampinblog.com\/Script\/ShowcaseDetailsScript\"><\/script><\/div><\/div>\n","protected":false},"excerpt":{"rendered":"<p>Jedes Monat ein Kreativ-Brief mit Produkten von Stampin&#8216; Up! Und das habe ich daraus gewerkt.<\/p>\n","protected":false},"author":1,"featured_media":15567,"comment_status":"open","ping_status":"closed","sticky":false,"template":"","format":"standard","meta":{"footnotes":""},"categories":[70,82,51,63],"tags":[],"class_list":["post-15565","post","type-post","status-publish","format-standard","has-post-thumbnail","hentry","category-in-colors","category-kreativ-brief","category-stampinup","category-verpackung"],"_links":{"self":[{"href":"https:\/\/dorispichler.at\/blog\/wp-json\/wp\/v2\/posts\/15565"}],"collection":[{"href":"https:\/\/dorispichler.at\/blog\/wp-json\/wp\/v2\/posts"}],"about":[{"href":"https:\/\/dorispichler.at\/blog\/wp-json\/wp\/v2\/types\/post"}],"author":[{"embeddable":true,"href":"https:\/\/dorispichler.at\/blog\/wp-json\/wp\/v2\/users\/1"}],"replies":[{"embeddable":true,"href":"https:\/\/dorispichler.at\/blog\/wp-json\/wp\/v2\/comments?post=15565"}],"version-history":[{"count":0,"href":"https:\/\/dorispichler.at\/blog\/wp-json\/wp\/v2\/posts\/15565\/revisions"}],"wp:featuredmedia":[{"embeddable":true,"href":"https:\/\/dorispichler.at\/blog\/wp-json\/wp\/v2\/media\/15567"}],"wp:attachment":[{"href":"https:\/\/dorispichler.at\/blog\/wp-json\/wp\/v2\/media?parent=15565"}],"wp:term":[{"taxonomy":"category","embeddable":true,"href":"https:\/\/dorispichler.at\/blog\/wp-json\/wp\/v2\/categories?post=15565"},{"taxonomy":"post_tag","embeddable":true,"href":"https:\/\/dorispichler.at\/blog\/wp-json\/wp\/v2\/tags?post=15565"}],"curies":[{"name":"wp","href":"https:\/\/api.w.org\/{rel}","templated":true}]}}