{"id":15452,"date":"2022-04-03T06:00:00","date_gmt":"2022-04-03T04:00:00","guid":{"rendered":"https:\/\/dorispichler.at\/blog\/?p=15452"},"modified":"2022-04-01T16:39:00","modified_gmt":"2022-04-01T14:39:00","slug":"kreativ-brief-februar-22-2","status":"publish","type":"post","link":"https:\/\/dorispichler.at\/blog\/kreativ-brief-februar-22-2\/","title":{"rendered":"Kreativ-Brief | M\u00e4rz 2022"},"content":{"rendered":"\n<div class=\"wp-block-image\"><figure class=\"alignleft size-full\"><img loading=\"lazy\" decoding=\"async\" width=\"481\" height=\"480\" src=\"https:\/\/dorispichler.at\/blog\/wp-content\/uploads\/2022\/04\/0322-material.jpg\" alt=\"\" class=\"wp-image-15459\" srcset=\"https:\/\/dorispichler.at\/blog\/wp-content\/uploads\/2022\/04\/0322-material.jpg 481w, https:\/\/dorispichler.at\/blog\/wp-content\/uploads\/2022\/04\/0322-material-300x300.jpg 300w, https:\/\/dorispichler.at\/blog\/wp-content\/uploads\/2022\/04\/0322-material-150x150.jpg 150w, https:\/\/dorispichler.at\/blog\/wp-content\/uploads\/2022\/04\/0322-material-350x350.jpg 350w, https:\/\/dorispichler.at\/blog\/wp-content\/uploads\/2022\/04\/0322-material-401x400.jpg 401w\" sizes=\"(max-width: 481px) 100vw, 481px\" \/><\/figure><\/div>\n\n\n<p>Mein M\u00e4rtz-Kreativ-Brief war best\u00fcckt mit zwei A5-Farbkartons in Papaya und Zimtbraun, einem St\u00fcck Designerpapier &#8222;Land &amp; Liebe&#8220; 3 x 6 Zoll, ein Zierdeckchen in Zimtbraun und 20 cm Geschenkband in Papaya.<\/p>\n\n\n<p>Und hier ist meine Umsetzung:<\/p>\n\n\n\n<figure class=\"wp-block-image size-full\"><a ref=\"magnificPopup\" href=\"https:\/\/dorispichler.at\/blog\/wp-content\/uploads\/2022\/04\/0322dP_9108.jpg\"><img loading=\"lazy\" decoding=\"async\" width=\"800\" height=\"800\" src=\"https:\/\/dorispichler.at\/blog\/wp-content\/uploads\/2022\/04\/0322dP_9108.jpg\" alt=\"minialbum-0322\" class=\"wp-image-15456\" srcset=\"https:\/\/dorispichler.at\/blog\/wp-content\/uploads\/2022\/04\/0322dP_9108.jpg 800w, https:\/\/dorispichler.at\/blog\/wp-content\/uploads\/2022\/04\/0322dP_9108-300x300.jpg 300w, https:\/\/dorispichler.at\/blog\/wp-content\/uploads\/2022\/04\/0322dP_9108-150x150.jpg 150w, https:\/\/dorispichler.at\/blog\/wp-content\/uploads\/2022\/04\/0322dP_9108-768x768.jpg 768w, https:\/\/dorispichler.at\/blog\/wp-content\/uploads\/2022\/04\/0322dP_9108-600x600.jpg 600w, https:\/\/dorispichler.at\/blog\/wp-content\/uploads\/2022\/04\/0322dP_9108-350x350.jpg 350w, https:\/\/dorispichler.at\/blog\/wp-content\/uploads\/2022\/04\/0322dP_9108-400x400.jpg 400w\" sizes=\"(max-width: 800px) 100vw, 800px\" \/><\/a><figcaption>Minialbum mit entz\u00fcckenden Fliegen<\/figcaption><\/figure>\n\n\n\n<h2 class=\"wp-block-heading\">Land &amp; Liebe<\/h2>\n\n\n\n<p>Bei unserem letzten virtuellen Teamtreffen haben wir ein entz\u00fcckendes, buntes Minialbum gebastelt und das hat mich auf die Idee gebracht, mit dem Material aus dem Kreativ-Brief auch eines zu basteln. Damit sich das mit dem geschicten Material ausgeht, habe ich einfach eine kleinere Version davon entworfen.<\/p>\n\n\n\n<p>Mein fertiges Album hat die Ma\u00dfe 9,5 x 9,5 x 1,2 cm. Und so sieht das Innenleben aus:<\/p>\n\n\n\n<figure class=\"wp-block-image size-full is-style-default\"><img loading=\"lazy\" decoding=\"async\" width=\"1000\" height=\"318\" src=\"https:\/\/dorispichler.at\/blog\/wp-content\/uploads\/2022\/04\/0322dorisPichler_9109.jpg\" alt=\"\" class=\"wp-image-15454\" srcset=\"https:\/\/dorispichler.at\/blog\/wp-content\/uploads\/2022\/04\/0322dorisPichler_9109.jpg 1000w, https:\/\/dorispichler.at\/blog\/wp-content\/uploads\/2022\/04\/0322dorisPichler_9109-300x95.jpg 300w, https:\/\/dorispichler.at\/blog\/wp-content\/uploads\/2022\/04\/0322dorisPichler_9109-150x48.jpg 150w, https:\/\/dorispichler.at\/blog\/wp-content\/uploads\/2022\/04\/0322dorisPichler_9109-768x244.jpg 768w, https:\/\/dorispichler.at\/blog\/wp-content\/uploads\/2022\/04\/0322dorisPichler_9109-600x191.jpg 600w\" sizes=\"(max-width: 1000px) 100vw, 1000px\" \/><figcaption>Innenleben mit dem mitgeschickten Material<\/figcaption><\/figure>\n\n\n\n<p>Und da ich selbst noch etwas Papier von diesem DSP hatte, habe ich das Mini-Album noch etwas aufgepeppt.<\/p>\n\n\n\n<figure class=\"wp-block-image size-full is-style-default\"><img loading=\"lazy\" decoding=\"async\" width=\"1000\" height=\"670\" src=\"https:\/\/dorispichler.at\/blog\/wp-content\/uploads\/2022\/04\/0322-dorisPichler_9134.jpg\" alt=\"\" class=\"wp-image-15453\" srcset=\"https:\/\/dorispichler.at\/blog\/wp-content\/uploads\/2022\/04\/0322-dorisPichler_9134.jpg 1000w, https:\/\/dorispichler.at\/blog\/wp-content\/uploads\/2022\/04\/0322-dorisPichler_9134-300x201.jpg 300w, https:\/\/dorispichler.at\/blog\/wp-content\/uploads\/2022\/04\/0322-dorisPichler_9134-150x101.jpg 150w, https:\/\/dorispichler.at\/blog\/wp-content\/uploads\/2022\/04\/0322-dorisPichler_9134-768x515.jpg 768w, https:\/\/dorispichler.at\/blog\/wp-content\/uploads\/2022\/04\/0322-dorisPichler_9134-600x402.jpg 600w, https:\/\/dorispichler.at\/blog\/wp-content\/uploads\/2022\/04\/0322-dorisPichler_9134-597x400.jpg 597w\" sizes=\"(max-width: 1000px) 100vw, 1000px\" \/><\/figure>\n\n\n\n<p>Neugierig geworden? Ihr habt Lust auch selbst zu basteln? Dann meldet euch bei mir. <\/p>\n\n\n\n<p>Den Link zum verwendeten Material findet ihr wie immer am Ende des Beitrags.<\/p>\n\n\n\n<p>Und jetzt lasst euch von den Werken meiner Mitbastlerinnen begeistern. <a rel=\"noreferrer noopener\" aria-label=\"Claudia \u00bb (\u00f6ffnet in neuem Tab)\" href=\"https:\/\/www.mrs-catty.at\/\" target=\"_blank\">Claudia \u00bb<\/a> hat wie immer die Beitr\u00e4ge f\u00fcr uns zusammengefasst.<\/p>\n\n\n[vc_separator type=&#8220;short&#8220; size=&#8220;small&#8220; icon=&#8220;eye&#8220;]\n\n\n\n<p>Kreativ-Brief Materialliste \u2013 mit einem Klick auf \u201eSupply List\u201c herunterladen. <\/p>\n\n\n\n<div><div><div id=\"8cc347af-fa56-4f76-8d81-6618fb2ed346\"><iframe class=\"iframe-showcase\" src=\"https:\/\/mystampinblog.com\/Showcase\/Details\/bebf67ca-dd07-44c4-8b65-7194b79d381e?layout=Carousel&amp;showSku=True&amp;showPrice=True&amp;showSalePrice=True&amp;showAddToCart=False&amp;showAddAllToCart=True&amp;showDownload=True&amp;transparent=False&amp;bordered=True&amp;hFontHeight=14&amp;rFontHeight=13&amp;imageHeight=120&amp;middleContent=False\" frameborder=\"0\" scrolling=\"no\" allowtransparency=\"true\" style=\"width:100%\"><\/iframe><\/div><script src=\"https:\/\/mystampinblog.com\/Script\/ShowcaseDetailsScript\"><\/script><\/div><\/div>\n","protected":false},"excerpt":{"rendered":"<p>Jedes Monat ein Kreativ-Brief mit Produkten von Stampin&#8216; Up! Und das habe ich daraus gewerkt.<\/p>\n","protected":false},"author":1,"featured_media":15455,"comment_status":"open","ping_status":"closed","sticky":false,"template":"","format":"standard","meta":{"footnotes":""},"categories":[82,93,51,63],"tags":[],"class_list":["post-15452","post","type-post","status-publish","format-standard","has-post-thumbnail","hentry","category-kreativ-brief","category-mini-album","category-stampinup","category-verpackung"],"_links":{"self":[{"href":"https:\/\/dorispichler.at\/blog\/wp-json\/wp\/v2\/posts\/15452"}],"collection":[{"href":"https:\/\/dorispichler.at\/blog\/wp-json\/wp\/v2\/posts"}],"about":[{"href":"https:\/\/dorispichler.at\/blog\/wp-json\/wp\/v2\/types\/post"}],"author":[{"embeddable":true,"href":"https:\/\/dorispichler.at\/blog\/wp-json\/wp\/v2\/users\/1"}],"replies":[{"embeddable":true,"href":"https:\/\/dorispichler.at\/blog\/wp-json\/wp\/v2\/comments?post=15452"}],"version-history":[{"count":0,"href":"https:\/\/dorispichler.at\/blog\/wp-json\/wp\/v2\/posts\/15452\/revisions"}],"wp:featuredmedia":[{"embeddable":true,"href":"https:\/\/dorispichler.at\/blog\/wp-json\/wp\/v2\/media\/15455"}],"wp:attachment":[{"href":"https:\/\/dorispichler.at\/blog\/wp-json\/wp\/v2\/media?parent=15452"}],"wp:term":[{"taxonomy":"category","embeddable":true,"href":"https:\/\/dorispichler.at\/blog\/wp-json\/wp\/v2\/categories?post=15452"},{"taxonomy":"post_tag","embeddable":true,"href":"https:\/\/dorispichler.at\/blog\/wp-json\/wp\/v2\/tags?post=15452"}],"curies":[{"name":"wp","href":"https:\/\/api.w.org\/{rel}","templated":true}]}}