{"id":15367,"date":"2022-03-02T06:00:00","date_gmt":"2022-03-02T05:00:00","guid":{"rendered":"https:\/\/dorispichler.at\/blog\/?p=15367"},"modified":"2022-03-04T18:15:00","modified_gmt":"2022-03-04T17:15:00","slug":"kreativ-brief-februar-22","status":"publish","type":"post","link":"https:\/\/dorispichler.at\/blog\/kreativ-brief-februar-22\/","title":{"rendered":"Kreativ-Brief | Februar 2022"},"content":{"rendered":"\n<div class=\"wp-block-image\"><figure class=\"alignleft size-full is-resized\"><img loading=\"lazy\" decoding=\"async\" src=\"https:\/\/dorispichler.at\/blog\/wp-content\/uploads\/2022\/03\/0222-material.jpg\" alt=\"kreativbrief-materialpaket\" class=\"wp-image-15370\" width=\"240\" height=\"253\" srcset=\"https:\/\/dorispichler.at\/blog\/wp-content\/uploads\/2022\/03\/0222-material.jpg 480w, https:\/\/dorispichler.at\/blog\/wp-content\/uploads\/2022\/03\/0222-material-285x300.jpg 285w, https:\/\/dorispichler.at\/blog\/wp-content\/uploads\/2022\/03\/0222-material-142x150.jpg 142w, https:\/\/dorispichler.at\/blog\/wp-content\/uploads\/2022\/03\/0222-material-150x158.jpg 150w, https:\/\/dorispichler.at\/blog\/wp-content\/uploads\/2022\/03\/0222-material-379x400.jpg 379w\" sizes=\"(max-width: 240px) 100vw, 240px\" \/><\/figure><\/div>\n\n\n<p>Mein Februar-Kreativ-Brief war best\u00fcckt mit eine A5- und einem A6-Farbkarton in Grundwei\u00df, ein A6-Farbkarton in Schwarz und ein St\u00fcck Designerpapier &#8222;Miteinander verbunden&#8220; 3 x 6 Zoll.<\/p>\n\n\n<p>Und hier ist meine Umsetzung:<\/p>\n\n\n\n<figure class=\"wp-block-image size-full\"><a ref=\"magnificPopup\" href=\"https:\/\/dorispichler.at\/blog\/wp-content\/uploads\/2022\/03\/0222-md_8939.jpg\"><img loading=\"lazy\" decoding=\"async\" width=\"600\" height=\"800\" src=\"https:\/\/dorispichler.at\/blog\/wp-content\/uploads\/2022\/03\/0222-md_8939.jpg\" alt=\"kreativbrief-0222\" class=\"wp-image-15371\" srcset=\"https:\/\/dorispichler.at\/blog\/wp-content\/uploads\/2022\/03\/0222-md_8939.jpg 600w, https:\/\/dorispichler.at\/blog\/wp-content\/uploads\/2022\/03\/0222-md_8939-225x300.jpg 225w, https:\/\/dorispichler.at\/blog\/wp-content\/uploads\/2022\/03\/0222-md_8939-113x150.jpg 113w, https:\/\/dorispichler.at\/blog\/wp-content\/uploads\/2022\/03\/0222-md_8939-450x600.jpg 450w, https:\/\/dorispichler.at\/blog\/wp-content\/uploads\/2022\/03\/0222-md_8939-150x200.jpg 150w, https:\/\/dorispichler.at\/blog\/wp-content\/uploads\/2022\/03\/0222-md_8939-300x400.jpg 300w\" sizes=\"(max-width: 600px) 100vw, 600px\" \/><\/a><figcaption>Hands up! nach einer Idee von Tami White.<\/figcaption><\/figure>\n\n\n\n<h2 class=\"wp-block-heading\">Miteinander verbunden.<\/h2>\n\n\n\n<p>Mit diesem Materialpaket habe ich mir ganz sch\u00f6n schwer getan, ich wollte nicht schon wieder eine Trauerkarte werken. Doch dann habe ich bei Tami White eine tolle Karte gesehen und nachgewerkt. Mit dem Blending-Pinseln ist schnell ein sch\u00f6ner Verlauf in Calypso und Papaya entstanden, das macht die Karte beinahe fr\u00f6hlich \u2026<\/p>\n\n\n\n<p>Ihr wollt auch in diesem Jahr wieder mit mir basteln? Dann meldet euch bei mir.<\/p>\n\n\n\n<p>Den Link zum verwendeten Material findet ihr wie immer am Ende des Beitrags.<\/p>\n\n\n\n<p>Und jetzt lasst euch von den Werken meiner Mitbastlerinnen begeistern. <a rel=\"noreferrer noopener\" aria-label=\"Claudia \u00bb (\u00f6ffnet in neuem Tab)\" href=\"https:\/\/www.mrs-catty.at\/\" target=\"_blank\">Claudia \u00bb<\/a> hat wie immer die Beitr\u00e4ge f\u00fcr uns zusammengefasst.<\/p>\n\n\n[vc_separator type=&#8220;short&#8220; size=&#8220;small&#8220; icon=&#8220;eye&#8220;]\n\n\n\n<p>Kreativ-Brief Materialliste \u2013 mit einem Klick auf \u201eSupply List\u201c herunterladen. <\/p>\n\n\n\n<div><div><div id=\"8ae1a4e3-c95a-421d-ac77-e8cd722e7894\"><iframe class=\"iframe-showcase\" src=\"https:\/\/mystampinblog.com\/Showcase\/Details\/49731b73-62b1-4cad-a60b-bdf5f0d5e4f9?layout=Carousel&#038;showSku=True&#038;showPrice=True&#038;showSalePrice=True&#038;showAddToCart=False&#038;showAddAllToCart=True&#038;showDownload=True&#038;transparent=False&#038;bordered=True&#038;hFontHeight=14&#038;rFontHeight=13&#038;imageHeight=120&#038;middleContent=False\" frameborder=\"0\" scrolling=\"no\" allowtransparency=\"true\" style=\"width:100%\"><\/iframe><\/div><script src=\"https:\/\/mystampinblog.com\/Script\/ShowcaseDetailsScript\"><\/script><\/div><\/div>\n","protected":false},"excerpt":{"rendered":"<p>Jedes Monat ein Kreativ-Brief mit Produkten von Stampin&#8216; Up! Und das habe ich daraus gewerkt.<\/p>\n","protected":false},"author":1,"featured_media":15368,"comment_status":"open","ping_status":"closed","sticky":false,"template":"","format":"standard","meta":{"footnotes":""},"categories":[82,51,63,73],"tags":[],"class_list":["post-15367","post","type-post","status-publish","format-standard","has-post-thumbnail","hentry","category-kreativ-brief","category-stampinup","category-verpackung","category-weihnachten"],"_links":{"self":[{"href":"https:\/\/dorispichler.at\/blog\/wp-json\/wp\/v2\/posts\/15367"}],"collection":[{"href":"https:\/\/dorispichler.at\/blog\/wp-json\/wp\/v2\/posts"}],"about":[{"href":"https:\/\/dorispichler.at\/blog\/wp-json\/wp\/v2\/types\/post"}],"author":[{"embeddable":true,"href":"https:\/\/dorispichler.at\/blog\/wp-json\/wp\/v2\/users\/1"}],"replies":[{"embeddable":true,"href":"https:\/\/dorispichler.at\/blog\/wp-json\/wp\/v2\/comments?post=15367"}],"version-history":[{"count":0,"href":"https:\/\/dorispichler.at\/blog\/wp-json\/wp\/v2\/posts\/15367\/revisions"}],"wp:featuredmedia":[{"embeddable":true,"href":"https:\/\/dorispichler.at\/blog\/wp-json\/wp\/v2\/media\/15368"}],"wp:attachment":[{"href":"https:\/\/dorispichler.at\/blog\/wp-json\/wp\/v2\/media?parent=15367"}],"wp:term":[{"taxonomy":"category","embeddable":true,"href":"https:\/\/dorispichler.at\/blog\/wp-json\/wp\/v2\/categories?post=15367"},{"taxonomy":"post_tag","embeddable":true,"href":"https:\/\/dorispichler.at\/blog\/wp-json\/wp\/v2\/tags?post=15367"}],"curies":[{"name":"wp","href":"https:\/\/api.w.org\/{rel}","templated":true}]}}