{"id":15083,"date":"2022-01-20T09:03:26","date_gmt":"2022-01-20T08:03:26","guid":{"rendered":"http:\/\/www.dorispichler.at\/blog\/?p=15083"},"modified":"2022-01-20T09:03:29","modified_gmt":"2022-01-20T08:03:29","slug":"minikarte-horizont","status":"publish","type":"post","link":"https:\/\/dorispichler.at\/blog\/minikarte-horizont\/","title":{"rendered":"Minikarte Horizont"},"content":{"rendered":"\n<p>Das Minik\u00e4rtchen der Woche habe ich mit den Stempelsets &#8222;Oceanfront&#8220; und &#8222;am Horizont&#8220; gearbeitet.<\/p>\n\n\n\n<figure class=\"wp-block-image\"><a ref=\"magnificPopup\" href=\"https:\/\/dorispichler.at\/blog\/wp-content\/uploads\/2022\/01\/mk0322-horizont_8620.jpg\"><img loading=\"lazy\" decoding=\"async\" width=\"800\" height=\"800\" src=\"https:\/\/dorispichler.at\/blog\/wp-content\/uploads\/2022\/01\/mk0322-horizont_8620.jpg\" alt=\"minikarte-horizont\" class=\"wp-image-15085\" srcset=\"https:\/\/dorispichler.at\/blog\/wp-content\/uploads\/2022\/01\/mk0322-horizont_8620.jpg 800w, https:\/\/dorispichler.at\/blog\/wp-content\/uploads\/2022\/01\/mk0322-horizont_8620-150x150.jpg 150w, https:\/\/dorispichler.at\/blog\/wp-content\/uploads\/2022\/01\/mk0322-horizont_8620-300x300.jpg 300w, https:\/\/dorispichler.at\/blog\/wp-content\/uploads\/2022\/01\/mk0322-horizont_8620-768x768.jpg 768w, https:\/\/dorispichler.at\/blog\/wp-content\/uploads\/2022\/01\/mk0322-horizont_8620-600x600.jpg 600w, https:\/\/dorispichler.at\/blog\/wp-content\/uploads\/2022\/01\/mk0322-horizont_8620-350x350.jpg 350w, https:\/\/dorispichler.at\/blog\/wp-content\/uploads\/2022\/01\/mk0322-horizont_8620-400x400.jpg 400w\" sizes=\"(max-width: 800px) 100vw, 800px\" \/><\/a><figcaption>Minik\u00e4rtchen der Woche<\/figcaption><\/figure>\n\n\n\n<p>Wie ihr seht, ist es nicht bei einem K\u00e4rtchen geblieben, sondern ich habe gleich eine ganze Galerie gestempelt. Es macht einfach riesigen Spa\u00df und da ich alles per Hand stemple, gleicht kein K\u00e4rtchen dem anderen.<\/p>\n\n\n\n<p>Es ist einfach unglaublich, wie die Farbe der Kartenbasis die Wirkung der Karte ver\u00e4ndert. Ich h\u00e4tte diese Farben eigentlich nicht gew\u00e4hlt. Die Farbkartons sind von einem anderen Projekt \u00fcbrig geblieben und ich wollte einfach schauen, ob ich davon etwas verwenden kann \u2026 Vor allem von Calypso war ich total begeistert. Man sollte einfach viel mehr einfach ausprobieren.<\/p>\n\n\n\n<p>Also mutig ins neue Jahr und viel Spa\u00df beim Nachbasteln, w\u00fcnscht euch eure Doris<\/p>\n\n\n\n<hr class=\"wp-block-separator\"\/>\n\n\n\n<p>Materialliste Minikarte Horizont:<\/p>\n\n\n\n<div><div><div id=\"a3179103-c9e9-4e42-8703-0ced5e16cd29\"><iframe class=\"iframe-showcase\" src=\"https:\/\/mystampinblog.com\/Showcase\/Details\/1b6a9390-c626-47f3-bfdd-d93ec1d9db8d?layout=Carousel&#038;showSku=True&#038;showPrice=True&#038;showSalePrice=True&#038;showAddToCart=False&#038;showAddAllToCart=True&#038;showDownload=True&#038;transparent=False&#038;bordered=True&#038;hFontHeight=14&#038;rFontHeight=13&#038;imageHeight=120&#038;middleContent=False\" frameborder=\"0\" scrolling=\"no\" allowtransparency=\"true\" style=\"width:100%\"><\/iframe><\/div><script src=\"https:\/\/mystampinblog.com\/Script\/ShowcaseDetailsScript\"><\/script><\/div><\/div>\n\n\n\n<p>In meinen YouTube-Videos sehr ihr, wie ich die Minik\u00e4rtchen ohne Verschnitt zuschneide. <a href=\"https:\/\/youtu.be\/Blkw2gFFa1k\" target=\"_blank\" rel=\"noreferrer noopener\" aria-label=\"https:\/\/youtu.be\/Blkw2gFFa1k (\u00f6ffnet in neuem Tab)\">https:\/\/youtu.be\/Blkw2gFFa1k<\/a><\/p>\n","protected":false},"excerpt":{"rendered":"<p>Die Minikarte der Woche. Fast jeden Donnerstag stelle ich eine neue Variante meiner beliebten K\u00e4rtchen online.<\/p>\n","protected":false},"author":1,"featured_media":15084,"comment_status":"open","ping_status":"closed","sticky":false,"template":"","format":"standard","meta":{"footnotes":""},"categories":[98,96,116],"tags":[],"class_list":["post-15083","post","type-post","status-publish","format-standard","has-post-thumbnail","hentry","category-blattweise","category-minikarte","category-minikatalog-sab"],"_links":{"self":[{"href":"https:\/\/dorispichler.at\/blog\/wp-json\/wp\/v2\/posts\/15083"}],"collection":[{"href":"https:\/\/dorispichler.at\/blog\/wp-json\/wp\/v2\/posts"}],"about":[{"href":"https:\/\/dorispichler.at\/blog\/wp-json\/wp\/v2\/types\/post"}],"author":[{"embeddable":true,"href":"https:\/\/dorispichler.at\/blog\/wp-json\/wp\/v2\/users\/1"}],"replies":[{"embeddable":true,"href":"https:\/\/dorispichler.at\/blog\/wp-json\/wp\/v2\/comments?post=15083"}],"version-history":[{"count":0,"href":"https:\/\/dorispichler.at\/blog\/wp-json\/wp\/v2\/posts\/15083\/revisions"}],"wp:featuredmedia":[{"embeddable":true,"href":"https:\/\/dorispichler.at\/blog\/wp-json\/wp\/v2\/media\/15084"}],"wp:attachment":[{"href":"https:\/\/dorispichler.at\/blog\/wp-json\/wp\/v2\/media?parent=15083"}],"wp:term":[{"taxonomy":"category","embeddable":true,"href":"https:\/\/dorispichler.at\/blog\/wp-json\/wp\/v2\/categories?post=15083"},{"taxonomy":"post_tag","embeddable":true,"href":"https:\/\/dorispichler.at\/blog\/wp-json\/wp\/v2\/tags?post=15083"}],"curies":[{"name":"wp","href":"https:\/\/api.w.org\/{rel}","templated":true}]}}