{"id":14993,"date":"2022-01-11T06:00:46","date_gmt":"2022-01-11T05:00:46","guid":{"rendered":"http:\/\/www.dorispichler.at\/blog\/?p=14993"},"modified":"2022-01-10T12:24:48","modified_gmt":"2022-01-10T11:24:48","slug":"bloghop-woche-sab-02-22","status":"publish","type":"post","link":"https:\/\/dorispichler.at\/blog\/bloghop-woche-sab-02-22\/","title":{"rendered":"Bloghop-Woche &#8222;SAB \/ Minikatalog&#8220; &#8211; Tag 2"},"content":{"rendered":"<p><img loading=\"lazy\" decoding=\"async\" id=\"rechts\" class=\"wp-image-8216 size-full aligncenter\" src=\"https:\/\/dorispichler.at\/blog\/wp-content\/uploads\/2019\/01\/2019_BHW_banner.jpg\" alt=\"bloghop-woche bannerbutton\" width=\"640\" height=\"455\" srcset=\"https:\/\/dorispichler.at\/blog\/wp-content\/uploads\/2019\/01\/2019_BHW_banner.jpg 640w, https:\/\/dorispichler.at\/blog\/wp-content\/uploads\/2019\/01\/2019_BHW_banner-150x107.jpg 150w, https:\/\/dorispichler.at\/blog\/wp-content\/uploads\/2019\/01\/2019_BHW_banner-300x213.jpg 300w, https:\/\/dorispichler.at\/blog\/wp-content\/uploads\/2019\/01\/2019_BHW_banner-600x427.jpg 600w, https:\/\/dorispichler.at\/blog\/wp-content\/uploads\/2019\/01\/2019_BHW_banner-563x400.jpg 563w\" sizes=\"(max-width: 640px) 100vw, 640px\" \/><\/p>\n<p>Herzlich willkommen bei der Bloghop-Woche unseres Teams zum Thema &#8222;SAB \/ Minikatalog&#8220;. Ich freue mich, dass du unserer Bloghop-Runde folgst.<\/p>\n<p>Das Team Astrids-Papiereuphorie pr\u00e4sentiert diese Woche folgende Projekte:<\/p>\n<p><!-- Ende Materialliste --><\/p>\n\n\n<p><strong>Vorgaben:<\/strong> Zeigt uns neue Produkte aus dem J\u00e4nner-Juli-Minikatalog 2022 bzw. aus dem aktuellen SAB-Flyer<\/p>\n\n\n\n<h5 class=\"wp-block-heading\">Tag 2: Quadratische Box (m\u00e4nnertauglich dekoriert)<\/h5>\n\n\n\n<figure class=\"wp-block-image\"><a ref=\"magnificPopup\" href=\"https:\/\/dorispichler.at\/blog\/wp-content\/uploads\/2022\/01\/2-vasarely_8541.jpg\"><img loading=\"lazy\" decoding=\"async\" width=\"800\" height=\"600\" src=\"https:\/\/dorispichler.at\/blog\/wp-content\/uploads\/2022\/01\/2-vasarely_8541.jpg\" alt=\"bloghop-woche-sab-0222\" class=\"wp-image-14970\" srcset=\"https:\/\/dorispichler.at\/blog\/wp-content\/uploads\/2022\/01\/2-vasarely_8541.jpg 800w, https:\/\/dorispichler.at\/blog\/wp-content\/uploads\/2022\/01\/2-vasarely_8541-150x113.jpg 150w, https:\/\/dorispichler.at\/blog\/wp-content\/uploads\/2022\/01\/2-vasarely_8541-300x225.jpg 300w, https:\/\/dorispichler.at\/blog\/wp-content\/uploads\/2022\/01\/2-vasarely_8541-768x576.jpg 768w, https:\/\/dorispichler.at\/blog\/wp-content\/uploads\/2022\/01\/2-vasarely_8541-600x450.jpg 600w, https:\/\/dorispichler.at\/blog\/wp-content\/uploads\/2022\/01\/2-vasarely_8541-533x400.jpg 533w\" sizes=\"(max-width: 800px) 100vw, 800px\" \/><\/a><\/figure>\n\n\n\n<h3 class=\"wp-block-heading\">Victor Vasarely goes Stampin&#8216; Up!<\/h3>\n\n\n\n<p>Ich bin ein riesiger Op-Art-Fan und bin begeistert von Victor Vasarelys Werken. Schon zu Schulzeiten haben mich solche &#8222;Mosaike&#8220; begeistert, da habe ich sie per Hand gezeichnet. <\/p>\n\n\n\n<p>An meinem Schnuppertag bei einer Salzburger Zeitung durfte ich dieses Werk nacharbeiten. Chef: &#8222;Tut mir leid, dass wir heute keine Zeit haben, aber da ist der Computer (Macintosh Classic &#8211; 512\u00a0\u00d7 342 Pixel), hier die Programmbeschreibung und vielleicht k\u00f6nnen Sie das hier (Ausdruck Vasarely-Werk) nacharbeiten.&#8220; Eine Woche sp\u00e4ter hatte ich den Job.<\/p>\n\n\n\n<p>Danach habe ich dieses Muster gestrickt und jetzt wird gestanzt und geklebt. Und wie soll ich sagen, es hat nicht nur das Papier geklebt, sondern auch meine Finger, weshalb auch viele h\u00e4ssliche Klebespuren zu sehen sind. Je mehr Mosaikteile ich aufgeklebt habe, desto besser ist es aber geworden. Der Aufhebhelfer hat da sehr gute Dienste geleistet.<\/p>\n\n\n\n<p>Mein Motiv habe ich auf eine Pizzabox mit den Ma\u00dfen 7,5 x 7,5 x 2 cm geklebt und die R\u00e4nder mit einer Stanzform aus &#8222;Bestckte Dreiecke&#8220; versch\u00f6nert.<\/p>\n\n\n\n<p>Reaktion meiner begeisterten Basteldamen: &#8222;Wir warten lieber bis es das passende Designerpapier gibt.&#8220; Also ich finde diese Arbeit sehr beruhigend.<\/p>\n\n\n\n<p>Vielleicht ist dieses Werk auch f\u00fcr euch eine interessante Bastel-Abwechslung. Die Materialliste findet Ihr wie immer am Ende des Beitrags.<\/p>\n\n\n\n<p>Morgen geht unsere Bloghop-Woche weiter mit der Vorgabe &#8222;Mitbringsel-Tascherl mit gestanzten Dekoteilen&#8220;. Da habe ich mir ganz was Besonderes einfallen lassen.<\/p>\n\n\n\n<p>Ich w\u00fcnsche euch viel Spa\u00df beim Basteln. Bis morgen<br>eure Doris<\/p>\n\n\n\n<div class=\"wp-block-image\"><figure class=\"aligncenter is-resized\"><a href=\"https:\/\/schuniscreativities.blogspot.com\" target=\"_blank\" rel=\"noreferrer noopener\"><img loading=\"lazy\" decoding=\"async\" src=\"https:\/\/dorispichler.at\/blog\/wp-content\/uploads\/2019\/01\/2019_BHW_next.jpg\" alt=\"bloghop-woche nextbutton\" class=\"wp-image-8217\" width=\"120\" height=\"120\"\/><\/a><figcaption><a href=\"https:\/\/schuniscreativities.blogspot.com\" target=\"_blank\" rel=\"noreferrer noopener\" aria-label=\" (\u00f6ffnet in neuem Tab)\">Und jetzt wird weiter geh\u00fcpft zu Nicole<\/a><\/figcaption><\/figure><\/div>\n\n\n[vc_separator type=&#8220;short&#8220; size=&#8220;small&#8220; icon=&#8220;eye&#8220;]\n\n\n\n<p>Materialliste SAB\/Minikatalog &#8211; mit einem Klick auf &#8222;Supply List&#8220; herunterladen oder mit einem Klick auf die Abbildung direkt ins Shop springen. <\/p>\n\n\n\n<div><div><div id=\"a99215f0-28ca-41c4-bb71-756ceba13a51\"><iframe class=\"iframe-showcase\" src=\"https:\/\/mystampinblog.com\/Showcase\/Details\/36e01efb-e363-4952-a36d-8e13507df0da?layout=Carousel&#038;showSku=True&#038;showPrice=True&#038;showSalePrice=True&#038;showAddToCart=False&#038;showAddAllToCart=True&#038;showDownload=True&#038;transparent=False&#038;bordered=True&#038;hFontHeight=14&#038;rFontHeight=13&#038;imageHeight=120&#038;middleContent=False\" frameborder=\"0\" scrolling=\"no\" allowtransparency=\"true\" style=\"width:100%\"><\/iframe><\/div><script src=\"https:\/\/mystampinblog.com\/Script\/ShowcaseDetailsScript\"><\/script><\/div><\/div>\n\n\n\n<p><\/p>\n","protected":false},"excerpt":{"rendered":"<p>Eine Woche lang pr\u00e4sentiert das Team Astrids Papiereuphorie Projekte zum Thema SAB\/Minikatalog<\/p>\n","protected":false},"author":1,"featured_media":14969,"comment_status":"open","ping_status":"closed","sticky":false,"template":"","format":"standard","meta":{"footnotes":""},"categories":[94,116,51],"tags":[],"class_list":["post-14993","post","type-post","status-publish","format-standard","has-post-thumbnail","hentry","category-blog-hop-woche","category-minikatalog-sab","category-stampinup"],"_links":{"self":[{"href":"https:\/\/dorispichler.at\/blog\/wp-json\/wp\/v2\/posts\/14993"}],"collection":[{"href":"https:\/\/dorispichler.at\/blog\/wp-json\/wp\/v2\/posts"}],"about":[{"href":"https:\/\/dorispichler.at\/blog\/wp-json\/wp\/v2\/types\/post"}],"author":[{"embeddable":true,"href":"https:\/\/dorispichler.at\/blog\/wp-json\/wp\/v2\/users\/1"}],"replies":[{"embeddable":true,"href":"https:\/\/dorispichler.at\/blog\/wp-json\/wp\/v2\/comments?post=14993"}],"version-history":[{"count":0,"href":"https:\/\/dorispichler.at\/blog\/wp-json\/wp\/v2\/posts\/14993\/revisions"}],"wp:featuredmedia":[{"embeddable":true,"href":"https:\/\/dorispichler.at\/blog\/wp-json\/wp\/v2\/media\/14969"}],"wp:attachment":[{"href":"https:\/\/dorispichler.at\/blog\/wp-json\/wp\/v2\/media?parent=14993"}],"wp:term":[{"taxonomy":"category","embeddable":true,"href":"https:\/\/dorispichler.at\/blog\/wp-json\/wp\/v2\/categories?post=14993"},{"taxonomy":"post_tag","embeddable":true,"href":"https:\/\/dorispichler.at\/blog\/wp-json\/wp\/v2\/tags?post=14993"}],"curies":[{"name":"wp","href":"https:\/\/api.w.org\/{rel}","templated":true}]}}