{"id":14669,"date":"2021-12-01T06:00:29","date_gmt":"2021-12-01T05:00:29","guid":{"rendered":"http:\/\/www.dorispichler.at\/blog\/?p=14669"},"modified":"2021-12-11T11:13:05","modified_gmt":"2021-12-11T10:13:05","slug":"adventkalender","status":"publish","type":"post","link":"https:\/\/dorispichler.at\/blog\/adventkalender\/","title":{"rendered":"Adventkalender"},"content":{"rendered":"\n<p>Die Vorfreude ist gro\u00df \u2013 ich bin schon gespannt auf jedes einzelne Packlerl.<\/p>\n\n\n\n<p>So habe ich die vielen Packerl &#8211; es sind 25 &#8211; in einem Korb zusammengestellt. Jeden Tag wird eines ge\u00f6ffnet und jeden Sonntag pr\u00e4sentiere ich die sch\u00f6nen Verpackungen der Woche hier auf meinem Blog.<\/p>\n\n\n\n<figure class=\"wp-block-image\"><a ref=\"magnificPopup\" href=\"https:\/\/dorispichler.at\/blog\/wp-content\/uploads\/2021\/12\/advent_8351.jpg\"><img loading=\"lazy\" decoding=\"async\" width=\"949\" height=\"800\" src=\"https:\/\/dorispichler.at\/blog\/wp-content\/uploads\/2021\/12\/advent_8351.jpg\" alt=\"advent-kalender-2021\" class=\"wp-image-14670\" srcset=\"https:\/\/dorispichler.at\/blog\/wp-content\/uploads\/2021\/12\/advent_8351.jpg 949w, https:\/\/dorispichler.at\/blog\/wp-content\/uploads\/2021\/12\/advent_8351-150x126.jpg 150w, https:\/\/dorispichler.at\/blog\/wp-content\/uploads\/2021\/12\/advent_8351-300x253.jpg 300w, https:\/\/dorispichler.at\/blog\/wp-content\/uploads\/2021\/12\/advent_8351-768x647.jpg 768w, https:\/\/dorispichler.at\/blog\/wp-content\/uploads\/2021\/12\/advent_8351-600x506.jpg 600w, https:\/\/dorispichler.at\/blog\/wp-content\/uploads\/2021\/12\/advent_8351-475x400.jpg 475w\" sizes=\"(max-width: 949px) 100vw, 949px\" \/><\/a><figcaption>Unser Advent-Kalender 2021 &#8211; Team Astrids Papiereuphorie<\/figcaption><\/figure>\n","protected":false},"excerpt":{"rendered":"<p>Die Vorfreude ist gro\u00df \u2013 ich bin schon gespannt auf jedes einzelne Packlerl.<\/p>\n","protected":false},"author":1,"featured_media":14671,"comment_status":"open","ping_status":"closed","sticky":false,"template":"","format":"standard","meta":{"footnotes":""},"categories":[118,51],"tags":[],"class_list":["post-14669","post","type-post","status-publish","format-standard","has-post-thumbnail","hentry","category-advent","category-stampinup"],"_links":{"self":[{"href":"https:\/\/dorispichler.at\/blog\/wp-json\/wp\/v2\/posts\/14669"}],"collection":[{"href":"https:\/\/dorispichler.at\/blog\/wp-json\/wp\/v2\/posts"}],"about":[{"href":"https:\/\/dorispichler.at\/blog\/wp-json\/wp\/v2\/types\/post"}],"author":[{"embeddable":true,"href":"https:\/\/dorispichler.at\/blog\/wp-json\/wp\/v2\/users\/1"}],"replies":[{"embeddable":true,"href":"https:\/\/dorispichler.at\/blog\/wp-json\/wp\/v2\/comments?post=14669"}],"version-history":[{"count":0,"href":"https:\/\/dorispichler.at\/blog\/wp-json\/wp\/v2\/posts\/14669\/revisions"}],"wp:featuredmedia":[{"embeddable":true,"href":"https:\/\/dorispichler.at\/blog\/wp-json\/wp\/v2\/media\/14671"}],"wp:attachment":[{"href":"https:\/\/dorispichler.at\/blog\/wp-json\/wp\/v2\/media?parent=14669"}],"wp:term":[{"taxonomy":"category","embeddable":true,"href":"https:\/\/dorispichler.at\/blog\/wp-json\/wp\/v2\/categories?post=14669"},{"taxonomy":"post_tag","embeddable":true,"href":"https:\/\/dorispichler.at\/blog\/wp-json\/wp\/v2\/tags?post=14669"}],"curies":[{"name":"wp","href":"https:\/\/api.w.org\/{rel}","templated":true}]}}