{"id":14635,"date":"2021-11-30T14:00:04","date_gmt":"2021-11-30T13:00:04","guid":{"rendered":"http:\/\/www.dorispichler.at\/blog\/?p=14635"},"modified":"2021-12-11T11:05:13","modified_gmt":"2021-12-11T10:05:13","slug":"der-froehliche-weihnachtshirsch","status":"publish","type":"post","link":"https:\/\/dorispichler.at\/blog\/der-froehliche-weihnachtshirsch\/","title":{"rendered":"Der fr\u00f6hliche Weihnachtshirsch"},"content":{"rendered":"\n<p>Herzlich Willkommen zum Basteldienstag zum Thema &#8222;O du fr\u00f6hliche&#8220;.<\/p>\n\n\n\n<p>Heute werken wir mit dem Produktpaket &#8222;Weihnachten im Wald&#8220;, es passt einfach wunderbar zur Vorweihnachtszeit. Der s\u00fc\u00dfe Hirsch ist schnell gestempelt und ausgestanzt und macht immer eine tolle &#8222;Figur&#8220;. Das Tannenzapfenmotiv aus dem Designerpapier &#8222;Malerische Weihnacht&#8220; passt perfekt dazu.<\/p>\n\n\n\n<h4 class=\"wp-block-heading\">2 Projekte, 2 Videos, 1 Set<\/h4>\n\n\n\n<p>Die <strong>Dreieck-Fensterfalzkarte<\/strong> war schon lange auf meiner To-Do-Liste.<\/p>\n\n\n\n<figure class=\"wp-block-image\"><a ref=\"magnificPopup\" href=\"https:\/\/dorispichler.at\/blog\/wp-content\/uploads\/2021\/11\/3eckfenster_8227.jpg\"><img loading=\"lazy\" decoding=\"async\" width=\"600\" height=\"800\" src=\"https:\/\/dorispichler.at\/blog\/wp-content\/uploads\/2021\/11\/3eckfenster_8227.jpg\" alt=\"basteldienstag-fr\u00f6hliche-1\" class=\"wp-image-14636\" srcset=\"https:\/\/dorispichler.at\/blog\/wp-content\/uploads\/2021\/11\/3eckfenster_8227.jpg 600w, https:\/\/dorispichler.at\/blog\/wp-content\/uploads\/2021\/11\/3eckfenster_8227-113x150.jpg 113w, https:\/\/dorispichler.at\/blog\/wp-content\/uploads\/2021\/11\/3eckfenster_8227-225x300.jpg 225w, https:\/\/dorispichler.at\/blog\/wp-content\/uploads\/2021\/11\/3eckfenster_8227-450x600.jpg 450w, https:\/\/dorispichler.at\/blog\/wp-content\/uploads\/2021\/11\/3eckfenster_8227-150x200.jpg 150w, https:\/\/dorispichler.at\/blog\/wp-content\/uploads\/2021\/11\/3eckfenster_8227-300x400.jpg 300w\" sizes=\"(max-width: 600px) 100vw, 600px\" \/><\/a><figcaption>Karte geschlossen.<\/figcaption><\/figure>\n\n\n\n<figure class=\"wp-block-image\"><a ref=\"magnificPopup\" href=\"https:\/\/dorispichler.at\/blog\/wp-content\/uploads\/2021\/11\/3eckfenster_8226.jpg\"><img loading=\"lazy\" decoding=\"async\" width=\"1001\" height=\"600\" src=\"https:\/\/dorispichler.at\/blog\/wp-content\/uploads\/2021\/11\/3eckfenster_8226.jpg\" alt=\"basteldienstag-fr\u00f6hliche-2\" class=\"wp-image-14637\" srcset=\"https:\/\/dorispichler.at\/blog\/wp-content\/uploads\/2021\/11\/3eckfenster_8226.jpg 1001w, https:\/\/dorispichler.at\/blog\/wp-content\/uploads\/2021\/11\/3eckfenster_8226-150x90.jpg 150w, https:\/\/dorispichler.at\/blog\/wp-content\/uploads\/2021\/11\/3eckfenster_8226-300x180.jpg 300w, https:\/\/dorispichler.at\/blog\/wp-content\/uploads\/2021\/11\/3eckfenster_8226-768x460.jpg 768w, https:\/\/dorispichler.at\/blog\/wp-content\/uploads\/2021\/11\/3eckfenster_8226-600x360.jpg 600w\" sizes=\"(max-width: 1001px) 100vw, 1001px\" \/><\/a><figcaption>Karte ge\u00f6ffnet.<\/figcaption><\/figure>\n\n\n\n<p> Die Idee zum <strong>Adventkalender to go<\/strong> ist w\u00e4hrend des Bastelns zur dieser Karte entstanden.<\/p>\n\n\n\n<figure class=\"wp-block-image\"><a ref=\"magnificPopup\" href=\"https:\/\/dorispichler.at\/blog\/wp-content\/uploads\/2021\/11\/adventkranz2go_8244.jpg\"><img loading=\"lazy\" decoding=\"async\" width=\"981\" height=\"600\" src=\"https:\/\/dorispichler.at\/blog\/wp-content\/uploads\/2021\/11\/adventkranz2go_8244.jpg\" alt=\"basteldienstag-fr\u00f6hliche-4\" class=\"wp-image-14639\" srcset=\"https:\/\/dorispichler.at\/blog\/wp-content\/uploads\/2021\/11\/adventkranz2go_8244.jpg 981w, https:\/\/dorispichler.at\/blog\/wp-content\/uploads\/2021\/11\/adventkranz2go_8244-150x92.jpg 150w, https:\/\/dorispichler.at\/blog\/wp-content\/uploads\/2021\/11\/adventkranz2go_8244-300x183.jpg 300w, https:\/\/dorispichler.at\/blog\/wp-content\/uploads\/2021\/11\/adventkranz2go_8244-768x470.jpg 768w, https:\/\/dorispichler.at\/blog\/wp-content\/uploads\/2021\/11\/adventkranz2go_8244-600x367.jpg 600w\" sizes=\"(max-width: 981px) 100vw, 981px\" \/><\/a><figcaption>Adventkranz to go ge\u00f6ffnet &#8211; auch mit Weihnachtssternmotiv sehr sch\u00f6n<\/figcaption><\/figure>\n\n\n\n<h4 class=\"wp-block-heading\">Das ideale Mitbringsel im Advent<\/h4>\n\n\n\n<p>Die Box wird mit vier Teelichtern gef\u00fcllt, aber Achtung: Nicht in der Verpackung anz\u00fcnden, falls jemand auf die Idee k\u00e4me \u2026 man wei\u00df ja nie \u2026<\/p>\n\n\n\n<p>Wenn ihr die beiden Projekte nachbasteln wollt:<\/p>\n\n\n\n<p>Dreieck-Fensterfalzkarte <a rel=\"noreferrer noopener\" aria-label=\"*klick* (\u00f6ffnet in neuem Tab)\" href=\"https:\/\/youtu.be\/58hT2U2ve5M\" target=\"_blank\">*klick*<\/a><br>Adventkranz to go <a rel=\"noreferrer noopener\" aria-label=\"*klick* (\u00f6ffnet in neuem Tab)\" href=\"https:\/\/youtu.be\/nyObuuiBV98\" target=\"_blank\">*klick*<\/a><\/p>\n\n\n\n<p>Am Ende des Beitrags findet ihr die komplette Materialliste.<\/p>\n\n\n\n<p>Ich w\u00fcnsche euch viel Spa\u00df beim Basteln<br>Bis bald<\/p>\n\n\n\n<p>Eure Doris<\/p>\n\n\n\n<hr class=\"wp-block-separator\"\/>\n\n\n\n<p>Materialliste &#8222;O du fr\u00f6hliche&#8220; &#8211; mit einem Klick auf &#8222;Supply List&#8220; herunterladen oder mit einem Klick auf die Abbildung direkt ins Shop springen.<\/p>\n\n\n\n<div><div><div id=\"e89524c5-8337-415d-9fdf-63cdb02dbb91\"><iframe class=\"iframe-showcase\" src=\"https:\/\/mystampinblog.com\/Showcase\/Details\/a9e9ee28-af75-4206-b703-53d3cc1988f6?layout=Carousel&amp;showSku=True&amp;showPrice=True&amp;showSalePrice=True&amp;showAddToCart=False&amp;showAddAllToCart=True&amp;showDownload=True&amp;transparent=False&amp;bordered=True&amp;hFontHeight=14&amp;rFontHeight=13&amp;imageHeight=120&amp;middleContent=False\" frameborder=\"0\" scrolling=\"no\" allowtransparency=\"true\" style=\"width:100%\"><\/iframe><\/div><script src=\"https:\/\/mystampinblog.com\/Script\/ShowcaseDetailsScript\"><\/script><\/div><\/div>\n","protected":false},"excerpt":{"rendered":"<p>Herzlich Willkommen zum Basteldienstag zum Thema &#8222;O du fr\u00f6hliche&#8220;. Heute werken wir mit dem Produktpaket &#8222;Weihnachten im Wald&#8220;, es passt einfach wunderbar zur Vorweihnachtszeit. Der s\u00fc\u00dfe Hirsch ist schnell gestempelt und ausgestanzt und macht immer eine tolle &#8222;Figur&#8220;. Das Tannenzapfenmotiv aus dem Designerpapier &#8222;Malerische Weihnacht&#8220; passt perfekt dazu. 2 Projekte, 2 Videos, 1 Set Die&#8230;<\/p>\n","protected":false},"author":1,"featured_media":14638,"comment_status":"open","ping_status":"closed","sticky":false,"template":"","format":"standard","meta":{"footnotes":""},"categories":[118,75,51,77,78],"tags":[],"class_list":["post-14635","post","type-post","status-publish","format-standard","has-post-thumbnail","hentry","category-advent","category-basteldienstag","category-stampinup","category-tutorial","category-video"],"_links":{"self":[{"href":"https:\/\/dorispichler.at\/blog\/wp-json\/wp\/v2\/posts\/14635"}],"collection":[{"href":"https:\/\/dorispichler.at\/blog\/wp-json\/wp\/v2\/posts"}],"about":[{"href":"https:\/\/dorispichler.at\/blog\/wp-json\/wp\/v2\/types\/post"}],"author":[{"embeddable":true,"href":"https:\/\/dorispichler.at\/blog\/wp-json\/wp\/v2\/users\/1"}],"replies":[{"embeddable":true,"href":"https:\/\/dorispichler.at\/blog\/wp-json\/wp\/v2\/comments?post=14635"}],"version-history":[{"count":0,"href":"https:\/\/dorispichler.at\/blog\/wp-json\/wp\/v2\/posts\/14635\/revisions"}],"wp:featuredmedia":[{"embeddable":true,"href":"https:\/\/dorispichler.at\/blog\/wp-json\/wp\/v2\/media\/14638"}],"wp:attachment":[{"href":"https:\/\/dorispichler.at\/blog\/wp-json\/wp\/v2\/media?parent=14635"}],"wp:term":[{"taxonomy":"category","embeddable":true,"href":"https:\/\/dorispichler.at\/blog\/wp-json\/wp\/v2\/categories?post=14635"},{"taxonomy":"post_tag","embeddable":true,"href":"https:\/\/dorispichler.at\/blog\/wp-json\/wp\/v2\/tags?post=14635"}],"curies":[{"name":"wp","href":"https:\/\/api.w.org\/{rel}","templated":true}]}}