{"id":13955,"date":"2021-08-11T06:00:13","date_gmt":"2021-08-11T04:00:13","guid":{"rendered":"http:\/\/www.dorispichler.at\/blog\/?p=13955"},"modified":"2021-08-06T17:28:10","modified_gmt":"2021-08-06T15:28:10","slug":"bloghop-woche-minikatalog-sab-8-3","status":"publish","type":"post","link":"https:\/\/dorispichler.at\/blog\/bloghop-woche-minikatalog-sab-8-3\/","title":{"rendered":"Bloghop-Woche &#8222;Neuer Minikatalog \/ SAB II&#8220; &#8211; Tag 3"},"content":{"rendered":"<p><img loading=\"lazy\" decoding=\"async\" id=\"rechts\" class=\"wp-image-8216 size-full aligncenter\" src=\"https:\/\/dorispichler.at\/blog\/wp-content\/uploads\/2019\/01\/2019_BHW_banner.jpg\" alt=\"bloghop-woche bannerbutton\" width=\"640\" height=\"455\" srcset=\"https:\/\/dorispichler.at\/blog\/wp-content\/uploads\/2019\/01\/2019_BHW_banner.jpg 640w, https:\/\/dorispichler.at\/blog\/wp-content\/uploads\/2019\/01\/2019_BHW_banner-150x107.jpg 150w, https:\/\/dorispichler.at\/blog\/wp-content\/uploads\/2019\/01\/2019_BHW_banner-300x213.jpg 300w, https:\/\/dorispichler.at\/blog\/wp-content\/uploads\/2019\/01\/2019_BHW_banner-600x427.jpg 600w, https:\/\/dorispichler.at\/blog\/wp-content\/uploads\/2019\/01\/2019_BHW_banner-563x400.jpg 563w\" sizes=\"(max-width: 640px) 100vw, 640px\" \/><\/p>\n<p>Herzlich willkommen bei der Bloghop-Woche unseres Teams zum Thema &#8222;Neuer Minikatalog und\/oder SAB II&#8220;. Ich freue mich, dass du unserer Bloghop-Runde folgst.<\/p>\n<p>Das Team Astrids-Papiereuphorie pr\u00e4sentiert diese Woche folgende Projekte:<\/p>\n<p><!-- Ende Materialliste --><\/p>\n\n\n<p><strong>Vorgaben:<\/strong> Verwendet Produkte aus dem neuen Minikatalog und\/oder dem SAB-Flyer.<\/p>\n\n\n\n<h5 class=\"wp-block-heading\">Tag 3: Eine DIN-lang-Karte mit Designerpapier als Kartenhintergrund<\/h5>\n\n\n\n<figure class=\"wp-block-image\"><a ref=\"magnificPopup\" href=\"https:\/\/dorispichler.at\/blog\/wp-content\/uploads\/2021\/08\/03eichhoernchen_7137.jpg\"><img loading=\"lazy\" decoding=\"async\" width=\"600\" height=\"800\" src=\"https:\/\/dorispichler.at\/blog\/wp-content\/uploads\/2021\/08\/03eichhoernchen_7137.jpg\" alt=\"bloghop-woche-minikatalog-0821-3\" class=\"wp-image-13942\" srcset=\"https:\/\/dorispichler.at\/blog\/wp-content\/uploads\/2021\/08\/03eichhoernchen_7137.jpg 600w, https:\/\/dorispichler.at\/blog\/wp-content\/uploads\/2021\/08\/03eichhoernchen_7137-113x150.jpg 113w, https:\/\/dorispichler.at\/blog\/wp-content\/uploads\/2021\/08\/03eichhoernchen_7137-225x300.jpg 225w, https:\/\/dorispichler.at\/blog\/wp-content\/uploads\/2021\/08\/03eichhoernchen_7137-450x600.jpg 450w, https:\/\/dorispichler.at\/blog\/wp-content\/uploads\/2021\/08\/03eichhoernchen_7137-150x200.jpg 150w, https:\/\/dorispichler.at\/blog\/wp-content\/uploads\/2021\/08\/03eichhoernchen_7137-300x400.jpg 300w\" sizes=\"(max-width: 600px) 100vw, 600px\" \/><\/a><\/figure>\n\n\n\n<h3 class=\"wp-block-heading\">Eichh\u00f6rnchenbaum<\/h3>\n\n\n\n<p>Schon wieder so allerliebste Tiere \u2026 die Eichh\u00f6rnchen aus dem neuen Minikatalog haben sofort mein Herz erobert.<\/p>\n\n\n\n<p>Das Designerpapier &#8222;Weihnachtliche Prints&#8220; im Hintergrund passt perfekt zu meinen Baumbewohnern.<\/p>\n\n\n\n<p>Gestempelt habe ich auf grundwei\u00dfen Farbkarton und mit Wildleder und Savanne gepinselt.<\/p>\n\n\n\n<p>Passende deutsche Spr\u00fcche, N\u00fcsse und Eichh\u00f6rnchen f\u00fcr die Innenseite habe ich im Stempelset &#8222;F\u00e4hnchenvielfalt&#8220; gefunden.<\/p>\n\n\n\n<figure class=\"wp-block-image\"><a ref=\"magnificPopup\" href=\"https:\/\/dorispichler.at\/blog\/wp-content\/uploads\/2021\/08\/03eichhoernchen_7143.jpg\"><img loading=\"lazy\" decoding=\"async\" width=\"772\" height=\"736\" src=\"https:\/\/dorispichler.at\/blog\/wp-content\/uploads\/2021\/08\/03eichhoernchen_7143.jpg\" alt=\"minikatalog-0821-3o\" class=\"wp-image-13944\" srcset=\"https:\/\/dorispichler.at\/blog\/wp-content\/uploads\/2021\/08\/03eichhoernchen_7143.jpg 772w, https:\/\/dorispichler.at\/blog\/wp-content\/uploads\/2021\/08\/03eichhoernchen_7143-150x143.jpg 150w, https:\/\/dorispichler.at\/blog\/wp-content\/uploads\/2021\/08\/03eichhoernchen_7143-300x286.jpg 300w, https:\/\/dorispichler.at\/blog\/wp-content\/uploads\/2021\/08\/03eichhoernchen_7143-768x732.jpg 768w, https:\/\/dorispichler.at\/blog\/wp-content\/uploads\/2021\/08\/03eichhoernchen_7143-600x572.jpg 600w, https:\/\/dorispichler.at\/blog\/wp-content\/uploads\/2021\/08\/03eichhoernchen_7143-420x400.jpg 420w\" sizes=\"(max-width: 772px) 100vw, 772px\" \/><\/a><\/figure>\n\n\n\n<p>Eine Auflistung aller verwendeten Materialien findet ihr wie immer am Ende des Beitrags. Morgen geht unsere Bloghop-Woche mit der Vorgabe &#8222;Ein Goodie in pastelligen Faraben&#8220; weiter. <\/p>\n\n\n\n<div class=\"wp-block-image\"><figure class=\"aligncenter\"><a href=\"https:\/\/schuniscreativities.blogspot.com\" target=\"_blank\" rel=\"noreferrer noopener\"><img loading=\"lazy\" decoding=\"async\" width=\"120\" height=\"120\" src=\"https:\/\/dorispichler.at\/blog\/wp-content\/uploads\/2019\/01\/2019_BHW_next.jpg\" alt=\"bloghop-woche nextbutton\" class=\"wp-image-8217\"\/><\/a><figcaption><a rel=\"noreferrer noopener\" aria-label=\"Und jetzt wird weiter geh\u00fcpft zu Astrid (\u00f6ffnet in neuem Tab)\" href=\"https:\/\/schuniscreativities.blogspot.com\" target=\"_blank\">Und jetzt wird weiter geh\u00fcpft zu Nicole<\/a><\/figcaption><\/figure><\/div>\n\n\n[vc_separator type=&#8220;short&#8220; size=&#8220;small&#8220; icon=&#8220;eye&#8220;]\n\n\n\n<p>Materialliste Formen und Motive &#8211; mit einem Klick auf &#8222;Supply List&#8220; herunterladen oder mit einem Klick auf die Abbildung direkt ins Shop springen. <\/p>\n\n\n\n<div><div><div id=\"e2d48d4d-4941-48fe-9b39-de5f73730c6f\"><iframe class=\"iframe-showcase\" src=\"https:\/\/mystampinblog.com\/Showcase\/Details\/7f1b3277-49ff-476b-8866-52fbb3d3efb8?layout=Carousel&#038;showSku=True&#038;showPrice=True&#038;showSalePrice=True&#038;showAddToCart=False&#038;showAddAllToCart=True&#038;showDownload=True&#038;transparent=False&#038;bordered=True&#038;hFontHeight=14&#038;rFontHeight=13&#038;imageHeight=120&#038;middleContent=False\" frameborder=\"0\" scrolling=\"no\" allowtransparency=\"true\" style=\"width:100%\"><\/iframe><\/div><script src=\"https:\/\/mystampinblog.com\/Script\/ShowcaseDetailsScript\"><\/script><\/div><\/div>\n\n\n\n<p><\/p>\n","protected":false},"excerpt":{"rendered":"<p>Eine Woche lang pr\u00e4sentiert das Team Astrids Papiereuphorie den neuen Minikatalog und \/ oder SAB2<\/p>\n","protected":false},"author":1,"featured_media":13943,"comment_status":"open","ping_status":"closed","sticky":false,"template":"","format":"standard","meta":{"footnotes":""},"categories":[94,70,116,90,67,51,63],"tags":[],"class_list":["post-13955","post","type-post","status-publish","format-standard","has-post-thumbnail","hentry","category-blog-hop-woche","category-in-colors","category-minikatalog-sab","category-sab","category-sale-a-bration","category-stampinup","category-verpackung"],"_links":{"self":[{"href":"https:\/\/dorispichler.at\/blog\/wp-json\/wp\/v2\/posts\/13955"}],"collection":[{"href":"https:\/\/dorispichler.at\/blog\/wp-json\/wp\/v2\/posts"}],"about":[{"href":"https:\/\/dorispichler.at\/blog\/wp-json\/wp\/v2\/types\/post"}],"author":[{"embeddable":true,"href":"https:\/\/dorispichler.at\/blog\/wp-json\/wp\/v2\/users\/1"}],"replies":[{"embeddable":true,"href":"https:\/\/dorispichler.at\/blog\/wp-json\/wp\/v2\/comments?post=13955"}],"version-history":[{"count":0,"href":"https:\/\/dorispichler.at\/blog\/wp-json\/wp\/v2\/posts\/13955\/revisions"}],"wp:featuredmedia":[{"embeddable":true,"href":"https:\/\/dorispichler.at\/blog\/wp-json\/wp\/v2\/media\/13943"}],"wp:attachment":[{"href":"https:\/\/dorispichler.at\/blog\/wp-json\/wp\/v2\/media?parent=13955"}],"wp:term":[{"taxonomy":"category","embeddable":true,"href":"https:\/\/dorispichler.at\/blog\/wp-json\/wp\/v2\/categories?post=13955"},{"taxonomy":"post_tag","embeddable":true,"href":"https:\/\/dorispichler.at\/blog\/wp-json\/wp\/v2\/tags?post=13955"}],"curies":[{"name":"wp","href":"https:\/\/api.w.org\/{rel}","templated":true}]}}