{"id":13310,"date":"2021-05-02T06:00:23","date_gmt":"2021-05-02T04:00:23","guid":{"rendered":"http:\/\/www.dorispichler.at\/blog\/?p=13310"},"modified":"2021-05-01T19:30:41","modified_gmt":"2021-05-01T17:30:41","slug":"kreativ-brief-janner-21-3-2","status":"publish","type":"post","link":"https:\/\/dorispichler.at\/blog\/kreativ-brief-janner-21-3-2\/","title":{"rendered":"Kreativ-Brief | April 2021"},"content":{"rendered":"\n<div class=\"wp-block-image\"><figure class=\"alignleft is-resized\"><a ref=\"magnificPopup\" href=\"https:\/\/dorispichler.at\/blog\/wp-content\/uploads\/2021\/04\/0321-material.jpg\"><img loading=\"lazy\" decoding=\"async\" src=\"https:\/\/dorispichler.at\/blog\/wp-content\/uploads\/2021\/05\/0421-Material.jpg\" alt=\"\" class=\"wp-image-13322\" width=\"250\" height=\"240\" srcset=\"https:\/\/dorispichler.at\/blog\/wp-content\/uploads\/2021\/05\/0421-Material.jpg 499w, https:\/\/dorispichler.at\/blog\/wp-content\/uploads\/2021\/05\/0421-Material-150x144.jpg 150w, https:\/\/dorispichler.at\/blog\/wp-content\/uploads\/2021\/05\/0421-Material-300x289.jpg 300w, https:\/\/dorispichler.at\/blog\/wp-content\/uploads\/2021\/05\/0421-Material-416x400.jpg 416w\" sizes=\"(max-width: 250px) 100vw, 250px\" \/><\/a><\/figure><\/div>\n\n\n<p>April-Kreativ-Brief: In meinem Brief befand sich ein A5 und ein A6-Farbkartons in Grundwei\u00df, 5 Streifen je 3 x 21 cm Farbkartons in den In-Colors 2019-2021 &nbsp;und ein 3&#8243;x3&#8243;-Umschlag in Fl\u00fcsterwei\u00df.<\/p>\n\n\n<p>Auch dieses Mal habe ich einfach jedes Minist\u00fcck verwendet. Die letzten 3-Ecks-Reste habe ich dann noch auf ein kleines fliederfarbenes K\u00e4rtchen (nicht im Brief enthalten) geklebt.<\/p>\n\n\n\n<figure class=\"wp-block-image\"><a ref=\"magnificPopup\" href=\"https:\/\/dorispichler.at\/blog\/wp-content\/uploads\/2021\/05\/0421-dorisPichler_6367.jpg\"><img loading=\"lazy\" decoding=\"async\" width=\"1024\" height=\"846\" src=\"https:\/\/dorispichler.at\/blog\/wp-content\/uploads\/2021\/05\/0421-dorisPichler_6367-1024x846.jpg\" alt=\"Kreativ-Brief-April\" class=\"wp-image-13312\" srcset=\"https:\/\/dorispichler.at\/blog\/wp-content\/uploads\/2021\/05\/0421-dorisPichler_6367-1024x846.jpg 1024w, https:\/\/dorispichler.at\/blog\/wp-content\/uploads\/2021\/05\/0421-dorisPichler_6367-150x124.jpg 150w, https:\/\/dorispichler.at\/blog\/wp-content\/uploads\/2021\/05\/0421-dorisPichler_6367-300x248.jpg 300w, https:\/\/dorispichler.at\/blog\/wp-content\/uploads\/2021\/05\/0421-dorisPichler_6367-768x634.jpg 768w, https:\/\/dorispichler.at\/blog\/wp-content\/uploads\/2021\/05\/0421-dorisPichler_6367-600x495.jpg 600w, https:\/\/dorispichler.at\/blog\/wp-content\/uploads\/2021\/05\/0421-dorisPichler_6367-484x400.jpg 484w, https:\/\/dorispichler.at\/blog\/wp-content\/uploads\/2021\/05\/0421-dorisPichler_6367.jpg 1090w\" sizes=\"(max-width: 1024px) 100vw, 1024px\" \/><\/a><figcaption>Kreativ-Brief: Patchwork in InColors 2019-2021<\/figcaption><\/figure>\n\n\n\n<h2 class=\"wp-block-heading\">Patchwork-Fieber \u2026 und noch ein Ende in Sicht<\/h2>\n\n\n\n<p>Aus dem A-5-Farbkarton habe ich die kleine Pizzabox gewerkt. Die InColor-Streifen habe ich mit Hilfe des langen Rechtecks aus den Stanzformen &#8222;Anzug und Krawatte&#8220; in noch schm\u00e4lere Streifen geschnitten, auf das Kopierpapier &#8211; ja auch das habe ich zur G\u00e4nze verwendet &#8211; geklebt und nochmals mit einem Quadrat aus den Stickmustern gestanzt. Die Quadrate habe ich dann neu sortiert und als x-Muster aufgeklebt.<\/p>\n\n\n\n<p>Am Deckelrand habe ich dann noch jede Menge Mini-Dreiecke aufgeklebt.<\/p>\n\n\n\n<p>Aus den Resten dieser Streifen, habe ich dann noch das Patchworkmuster f\u00fcr die Minikarte zusammengest\u00fcckelt und die restlichen Dreiecke auf das Kuvert geklebt. <\/p>\n\n\n\n<p>Hier noch ein paar Aufnahmen von meinen Werken:<\/p>\n\n\n\n<figure class=\"wp-block-image\"><a ref=\"magnificPopup\" href=\"https:\/\/dorispichler.at\/blog\/wp-content\/uploads\/2021\/05\/0421-patch_6361.jpg\"><img loading=\"lazy\" decoding=\"async\" width=\"1024\" height=\"1024\" src=\"https:\/\/dorispichler.at\/blog\/wp-content\/uploads\/2021\/05\/0421-patch_6361-1024x1024.jpg\" alt=\"kreativ-brief-pizza-box\" class=\"wp-image-13314\" srcset=\"https:\/\/dorispichler.at\/blog\/wp-content\/uploads\/2021\/05\/0421-patch_6361-1024x1024.jpg 1024w, https:\/\/dorispichler.at\/blog\/wp-content\/uploads\/2021\/05\/0421-patch_6361-150x150.jpg 150w, https:\/\/dorispichler.at\/blog\/wp-content\/uploads\/2021\/05\/0421-patch_6361-300x300.jpg 300w, https:\/\/dorispichler.at\/blog\/wp-content\/uploads\/2021\/05\/0421-patch_6361-768x768.jpg 768w, https:\/\/dorispichler.at\/blog\/wp-content\/uploads\/2021\/05\/0421-patch_6361-600x600.jpg 600w, https:\/\/dorispichler.at\/blog\/wp-content\/uploads\/2021\/05\/0421-patch_6361-350x350.jpg 350w, https:\/\/dorispichler.at\/blog\/wp-content\/uploads\/2021\/05\/0421-patch_6361-400x400.jpg 400w, https:\/\/dorispichler.at\/blog\/wp-content\/uploads\/2021\/05\/0421-patch_6361.jpg 1080w\" sizes=\"(max-width: 1024px) 100vw, 1024px\" \/><\/a><figcaption>Pizzabox mit Patchwork-Deckel. <\/figcaption><\/figure>\n\n\n\n<figure class=\"wp-block-image\"><a ref=\"magnificPopup\" href=\"https:\/\/dorispichler.at\/blog\/wp-content\/uploads\/2021\/05\/0421-patch_6359.jpg\"><img loading=\"lazy\" decoding=\"async\" width=\"1024\" height=\"1024\" src=\"https:\/\/dorispichler.at\/blog\/wp-content\/uploads\/2021\/05\/0421-patch_6359-1024x1024.jpg\" alt=\"kreativ-brief-mini-karte-kuvert\" class=\"wp-image-13313\" srcset=\"https:\/\/dorispichler.at\/blog\/wp-content\/uploads\/2021\/05\/0421-patch_6359-1024x1024.jpg 1024w, https:\/\/dorispichler.at\/blog\/wp-content\/uploads\/2021\/05\/0421-patch_6359-150x150.jpg 150w, https:\/\/dorispichler.at\/blog\/wp-content\/uploads\/2021\/05\/0421-patch_6359-300x300.jpg 300w, https:\/\/dorispichler.at\/blog\/wp-content\/uploads\/2021\/05\/0421-patch_6359-768x768.jpg 768w, https:\/\/dorispichler.at\/blog\/wp-content\/uploads\/2021\/05\/0421-patch_6359-600x600.jpg 600w, https:\/\/dorispichler.at\/blog\/wp-content\/uploads\/2021\/05\/0421-patch_6359-350x350.jpg 350w, https:\/\/dorispichler.at\/blog\/wp-content\/uploads\/2021\/05\/0421-patch_6359-400x400.jpg 400w, https:\/\/dorispichler.at\/blog\/wp-content\/uploads\/2021\/05\/0421-patch_6359.jpg 1080w\" sizes=\"(max-width: 1024px) 100vw, 1024px\" \/><\/a><figcaption>Mini-K\u00e4rtchen und Kuvert aus Patchworkresten<\/figcaption><\/figure>\n\n\n\n<p>Zum Schluss sind dann noch ein paar Quadrate \u00fcbrig geblieben, die ich dann auf fliederfarbenen Farbkarton geklebt habe.<\/p>\n\n\n\n<figure class=\"wp-block-image\"><a ref=\"magnificPopup\" href=\"https:\/\/dorispichler.at\/blog\/wp-content\/uploads\/2021\/05\/0421-patch_6377.jpg\"><img loading=\"lazy\" decoding=\"async\" width=\"1024\" height=\"1024\" src=\"https:\/\/dorispichler.at\/blog\/wp-content\/uploads\/2021\/05\/0421-patch_6377-1024x1024.jpg\" alt=\"kreativ-brief-karte\" class=\"wp-image-13315\" srcset=\"https:\/\/dorispichler.at\/blog\/wp-content\/uploads\/2021\/05\/0421-patch_6377-1024x1024.jpg 1024w, https:\/\/dorispichler.at\/blog\/wp-content\/uploads\/2021\/05\/0421-patch_6377-150x150.jpg 150w, https:\/\/dorispichler.at\/blog\/wp-content\/uploads\/2021\/05\/0421-patch_6377-300x300.jpg 300w, https:\/\/dorispichler.at\/blog\/wp-content\/uploads\/2021\/05\/0421-patch_6377-768x768.jpg 768w, https:\/\/dorispichler.at\/blog\/wp-content\/uploads\/2021\/05\/0421-patch_6377-600x600.jpg 600w, https:\/\/dorispichler.at\/blog\/wp-content\/uploads\/2021\/05\/0421-patch_6377-350x350.jpg 350w, https:\/\/dorispichler.at\/blog\/wp-content\/uploads\/2021\/05\/0421-patch_6377-400x400.jpg 400w, https:\/\/dorispichler.at\/blog\/wp-content\/uploads\/2021\/05\/0421-patch_6377.jpg 1080w\" sizes=\"(max-width: 1024px) 100vw, 1024px\" \/><\/a><figcaption>Patchwork-Karte mit den restlichen Mini-Dreiecken<\/figcaption><\/figure>\n\n\n\n<p>Und jetzt lasst euch von den Werken meiner Mitbastlerinnen begeistern. <a href=\"https:\/\/www.mrs-catty.at\/\" target=\"_blank\" rel=\"noreferrer noopener\" aria-label=\"Claudia \u00bb (\u00f6ffnet in neuem Tab)\">Claudia \u00bb<\/a> hat wie immer die Beitr\u00e4ge f\u00fcr uns zusammengefasst.<\/p>\n\n\n[vc_separator type=&#8220;short&#8220; size=&#8220;small&#8220; icon=&#8220;eye&#8220;]\n\n\n\n<p>Kreativ-Brief Materialliste \u2013 mit einem Klick auf \u201eSupply List\u201c herunterladen. <\/p>\n\n\n\n<div><div><div id=\"b24f6b4e-1c65-45a2-84f1-ada491f9d2ee\"><iframe class=\"iframe-showcase\" src=\"https:\/\/mystampinblog.com\/Showcase\/Details\/024caa51-787d-468a-9c2e-673f040f994a?layout=Carousel&amp;showSku=True&amp;showPrice=True&amp;showSalePrice=True&amp;showAddToCart=False&amp;showAddAllToCart=True&amp;showDownload=True&amp;transparent=False&amp;bordered=True&amp;hFontHeight=14&amp;rFontHeight=13&amp;imageHeight=120&amp;middleContent=False\" frameborder=\"0\" scrolling=\"no\" allowtransparency=\"true\" style=\"width:100%\"><\/iframe><\/div><script src=\"https:\/\/mystampinblog.com\/Script\/ShowcaseDetailsScript\"><\/script><\/div><\/div>\n","protected":false},"excerpt":{"rendered":"<p>Jedes Monat ein Kreativ-Brief mit Produkten von Stampin&#8216; Up! Und das habe ich daraus gewerkt.<\/p>\n","protected":false},"author":1,"featured_media":13317,"comment_status":"open","ping_status":"closed","sticky":false,"template":"","format":"standard","meta":{"footnotes":""},"categories":[82,51],"tags":[],"class_list":["post-13310","post","type-post","status-publish","format-standard","has-post-thumbnail","hentry","category-kreativ-brief","category-stampinup"],"_links":{"self":[{"href":"https:\/\/dorispichler.at\/blog\/wp-json\/wp\/v2\/posts\/13310"}],"collection":[{"href":"https:\/\/dorispichler.at\/blog\/wp-json\/wp\/v2\/posts"}],"about":[{"href":"https:\/\/dorispichler.at\/blog\/wp-json\/wp\/v2\/types\/post"}],"author":[{"embeddable":true,"href":"https:\/\/dorispichler.at\/blog\/wp-json\/wp\/v2\/users\/1"}],"replies":[{"embeddable":true,"href":"https:\/\/dorispichler.at\/blog\/wp-json\/wp\/v2\/comments?post=13310"}],"version-history":[{"count":0,"href":"https:\/\/dorispichler.at\/blog\/wp-json\/wp\/v2\/posts\/13310\/revisions"}],"wp:featuredmedia":[{"embeddable":true,"href":"https:\/\/dorispichler.at\/blog\/wp-json\/wp\/v2\/media\/13317"}],"wp:attachment":[{"href":"https:\/\/dorispichler.at\/blog\/wp-json\/wp\/v2\/media?parent=13310"}],"wp:term":[{"taxonomy":"category","embeddable":true,"href":"https:\/\/dorispichler.at\/blog\/wp-json\/wp\/v2\/categories?post=13310"},{"taxonomy":"post_tag","embeddable":true,"href":"https:\/\/dorispichler.at\/blog\/wp-json\/wp\/v2\/tags?post=13310"}],"curies":[{"name":"wp","href":"https:\/\/api.w.org\/{rel}","templated":true}]}}