{"id":13232,"date":"2021-04-22T06:00:59","date_gmt":"2021-04-22T04:00:59","guid":{"rendered":"http:\/\/www.dorispichler.at\/blog\/?p=13232"},"modified":"2021-04-20T11:43:04","modified_gmt":"2021-04-20T09:43:04","slug":"bloghop-woche-incolors-21-4","status":"publish","type":"post","link":"https:\/\/dorispichler.at\/blog\/bloghop-woche-incolors-21-4\/","title":{"rendered":"Bloghop-Woche &#8222;InColors 2021-2023&#8220; Tag 4"},"content":{"rendered":"<p><img loading=\"lazy\" decoding=\"async\" id=\"rechts\" class=\"wp-image-8216 size-full aligncenter\" src=\"https:\/\/dorispichler.at\/blog\/wp-content\/uploads\/2019\/01\/2019_BHW_banner.jpg\" alt=\"bloghop-woche bannerbutton\" width=\"640\" height=\"455\" srcset=\"https:\/\/dorispichler.at\/blog\/wp-content\/uploads\/2019\/01\/2019_BHW_banner.jpg 640w, https:\/\/dorispichler.at\/blog\/wp-content\/uploads\/2019\/01\/2019_BHW_banner-150x107.jpg 150w, https:\/\/dorispichler.at\/blog\/wp-content\/uploads\/2019\/01\/2019_BHW_banner-300x213.jpg 300w, https:\/\/dorispichler.at\/blog\/wp-content\/uploads\/2019\/01\/2019_BHW_banner-600x427.jpg 600w, https:\/\/dorispichler.at\/blog\/wp-content\/uploads\/2019\/01\/2019_BHW_banner-563x400.jpg 563w\" sizes=\"(max-width: 640px) 100vw, 640px\" \/><\/p>\n<p>Herzlich willkommen bei der Bloghop-Woche unseres Teams zum Thema &#8222;InColors 2021-2023&#8220;. Ich freue mich, dass du unserer Bloghop-Runde folgst.<\/p>\n<p>Das Team Astrids-Papiereuphorie pr\u00e4sentiert diese Woche folgende Projekte:<\/p>\n<p><!-- Ende Materialliste --><\/p>\n\n\n<p><strong>Vorgaben: <\/strong>Verwendet vorwiegend die f\u00fcr den Wochentag vorgegebene InColor und zeigt uns (in beliebiger Reihenfolge folgende Projekte:<br>Karte mit (Hei\u00df-)Embossing, Teelicht-Verpackung, T\u00e4schchen, Minikarte mit Pr\u00e4gung, Projekt nach Wahl.<\/p>\n\n\n\n<h5 class=\"wp-block-heading\">Tag 2: Lodengr\u00fcn &#8211; Teelichtverpackung<\/h5>\n\n\n\n<figure class=\"wp-block-image\"><a ref=\"magnificPopup\" href=\"https:\/\/dorispichler.at\/blog\/wp-content\/uploads\/2021\/04\/04-teelicht_6274.jpg\"><img loading=\"lazy\" decoding=\"async\" width=\"800\" height=\"600\" src=\"https:\/\/dorispichler.at\/blog\/wp-content\/uploads\/2021\/04\/04-teelicht_6274.jpg\" alt=\"\" class=\"wp-image-13226\" srcset=\"https:\/\/dorispichler.at\/blog\/wp-content\/uploads\/2021\/04\/04-teelicht_6274.jpg 800w, https:\/\/dorispichler.at\/blog\/wp-content\/uploads\/2021\/04\/04-teelicht_6274-150x113.jpg 150w, https:\/\/dorispichler.at\/blog\/wp-content\/uploads\/2021\/04\/04-teelicht_6274-300x225.jpg 300w, https:\/\/dorispichler.at\/blog\/wp-content\/uploads\/2021\/04\/04-teelicht_6274-768x576.jpg 768w, https:\/\/dorispichler.at\/blog\/wp-content\/uploads\/2021\/04\/04-teelicht_6274-600x450.jpg 600w, https:\/\/dorispichler.at\/blog\/wp-content\/uploads\/2021\/04\/04-teelicht_6274-533x400.jpg 533w\" sizes=\"(max-width: 800px) 100vw, 800px\" \/><\/a><figcaption>CASE: Anna Sposato<\/figcaption><\/figure>\n\n\n\n<h3 class=\"wp-block-heading\">Teelichtturm<\/h3>\n\n\n\n<p>So einen Turm habe ich bei Anna Sporato gesehen. Die Ma\u00dfe f\u00fcr die Teelichter musste ich f\u00fcr meine Kerzen etwas anpassen, jetzt passen sie perfekt. Ich habe die Schachteln aus Farbkarton in Lodengr\u00fcn gearbeitet.<\/p>\n\n\n\n<p>Die kleinen Teelichter haben einen Durchmesser von 4 cm und die gro\u00dfen 6 cm. Die Kerzen habe ich mit dem Designerpapier InColors 2021-2023 ummantelt und durch das gro\u00dfe Sichtfenster kann ich sie auch wundervoll pr\u00e4sentieren.<\/p>\n\n\n\n<p>Ich habe die Teelichtt\u00fcrme nicht zusammen geklebt, denn ich will sie flach aufbewahren. Mit der Banderole halten sie bestens, auch ohne kleben.<\/p>\n\n\n\n<p>Ein Video mit detaillierter Anleitung dazu gibt es auch wieder <a rel=\"noreferrer noopener\" aria-label=\"*klick* (\u00f6ffnet in neuem Tab)\" href=\"https:\/\/youtu.be\/9AwdRpuXIes\" target=\"_blank\">*klick*<\/a><\/p>\n\n\n\n<figure class=\"wp-block-image\"><a ref=\"magnificPopup\" href=\"https:\/\/dorispichler.at\/blog\/wp-content\/uploads\/2021\/04\/04-teelichtturm_6261.jpg\"><img loading=\"lazy\" decoding=\"async\" width=\"800\" height=\"600\" src=\"https:\/\/dorispichler.at\/blog\/wp-content\/uploads\/2021\/04\/04-teelichtturm_6261.jpg\" alt=\"\" class=\"wp-image-13233\" srcset=\"https:\/\/dorispichler.at\/blog\/wp-content\/uploads\/2021\/04\/04-teelichtturm_6261.jpg 800w, https:\/\/dorispichler.at\/blog\/wp-content\/uploads\/2021\/04\/04-teelichtturm_6261-150x113.jpg 150w, https:\/\/dorispichler.at\/blog\/wp-content\/uploads\/2021\/04\/04-teelichtturm_6261-300x225.jpg 300w, https:\/\/dorispichler.at\/blog\/wp-content\/uploads\/2021\/04\/04-teelichtturm_6261-768x576.jpg 768w, https:\/\/dorispichler.at\/blog\/wp-content\/uploads\/2021\/04\/04-teelichtturm_6261-600x450.jpg 600w, https:\/\/dorispichler.at\/blog\/wp-content\/uploads\/2021\/04\/04-teelichtturm_6261-533x400.jpg 533w\" sizes=\"(max-width: 800px) 100vw, 800px\" \/><\/a><\/figure>\n\n\n\n<p>Eine Auflistung aller verwendeten Materialien findet ihr wie immer am Ende des Beitrags. Morgen geht unsere Bloghop-Woche mit der Vorgabe &#8222;Seladon&#8220; zu Ende. <\/p>\n\n\n\n<div class=\"wp-block-image\"><figure class=\"aligncenter\"><a href=\"https:\/\/papierparty.blogspot.com\" target=\"_blank\" rel=\"noreferrer noopener\"><img loading=\"lazy\" decoding=\"async\" width=\"120\" height=\"120\" src=\"https:\/\/dorispichler.at\/blog\/wp-content\/uploads\/2019\/01\/2019_BHW_next.jpg\" alt=\"bloghop-woche nextbutton\" class=\"wp-image-8217\"\/><\/a><figcaption><a href=\"https:\/\/papierparty.blogspot.com\" target=\"_blank\" rel=\"noreferrer noopener\" aria-label=\"Und jetzt wird weiter geh\u00fcpft zu Agnes (\u00f6ffnet in neuem Tab)\">Und jetzt wird weiter geh\u00fcpft zu Agnes<\/a><\/figcaption><\/figure><\/div>\n\n\n[vc_separator type=&#8220;short&#8220; size=&#8220;small&#8220; icon=&#8220;eye&#8220;]\n\n\n\n<p>Material erh\u00e4ltich ab 4. Mai 2021<\/p>\n\n\n\n<ul class=\"wp-block-list\"><li>155644 Farbkarton A4 InColor 2021-2023 im Set | \u20ac 11,&#8211;<\/li><li>155641 Designerpapier InColor 2021-2023 im Set | \u20ac 14,&#8211;<\/li><li>155638 Stempelkissen InColor 2021-2023 5 St\u00fcck im Paket | \u20ac 40,50<\/li><li>155816 Gewebtes Geschenkband in Papaya<\/li><\/ul>\n\n\n\n<p>Materialliste &#8211; mit einem Klick auf &#8222;Supply List&#8220; herunterladen oder mit einem Klick auf die Abbildung direkt ins Shop springen.<\/p>\n\n\n\n<div><div><div id=\"ac4ec7aa-b620-4fc8-bd3f-fc2fd2d4e9c3\"><iframe class=\"iframe-showcase\" src=\"https:\/\/mystampinblog.com\/Showcase\/Details\/f447832b-af9e-4182-a97d-02991ebdede9?layout=Carousel&#038;showSku=True&#038;showPrice=True&#038;showSalePrice=True&#038;showAddToCart=False&#038;showAddAllToCart=True&#038;showDownload=True&#038;transparent=False&#038;bordered=True&#038;hFontHeight=14&#038;rFontHeight=13&#038;imageHeight=120&#038;middleContent=False\" frameborder=\"0\" scrolling=\"no\" allowtransparency=\"true\" style=\"width:100%\"><\/iframe><\/div><script src=\"https:\/\/mystampinblog.com\/Script\/ShowcaseDetailsScript\"><\/script><\/div><\/div>\n\n\n\n<p><\/p>\n","protected":false},"excerpt":{"rendered":"<p>Eine Woche lang pr\u00e4sentiert das Team Astrids Papiereuphorie die neuen InColors 2021-2023<\/p>\n","protected":false},"author":1,"featured_media":13226,"comment_status":"open","ping_status":"closed","sticky":false,"template":"","format":"standard","meta":{"footnotes":""},"categories":[94,70,51,63],"tags":[],"class_list":["post-13232","post","type-post","status-publish","format-standard","has-post-thumbnail","hentry","category-blog-hop-woche","category-in-colors","category-stampinup","category-verpackung"],"_links":{"self":[{"href":"https:\/\/dorispichler.at\/blog\/wp-json\/wp\/v2\/posts\/13232"}],"collection":[{"href":"https:\/\/dorispichler.at\/blog\/wp-json\/wp\/v2\/posts"}],"about":[{"href":"https:\/\/dorispichler.at\/blog\/wp-json\/wp\/v2\/types\/post"}],"author":[{"embeddable":true,"href":"https:\/\/dorispichler.at\/blog\/wp-json\/wp\/v2\/users\/1"}],"replies":[{"embeddable":true,"href":"https:\/\/dorispichler.at\/blog\/wp-json\/wp\/v2\/comments?post=13232"}],"version-history":[{"count":0,"href":"https:\/\/dorispichler.at\/blog\/wp-json\/wp\/v2\/posts\/13232\/revisions"}],"wp:featuredmedia":[{"embeddable":true,"href":"https:\/\/dorispichler.at\/blog\/wp-json\/wp\/v2\/media\/13226"}],"wp:attachment":[{"href":"https:\/\/dorispichler.at\/blog\/wp-json\/wp\/v2\/media?parent=13232"}],"wp:term":[{"taxonomy":"category","embeddable":true,"href":"https:\/\/dorispichler.at\/blog\/wp-json\/wp\/v2\/categories?post=13232"},{"taxonomy":"post_tag","embeddable":true,"href":"https:\/\/dorispichler.at\/blog\/wp-json\/wp\/v2\/tags?post=13232"}],"curies":[{"name":"wp","href":"https:\/\/api.w.org\/{rel}","templated":true}]}}