{"id":12863,"date":"2021-03-02T07:59:45","date_gmt":"2021-03-02T06:59:45","guid":{"rendered":"http:\/\/www.dorispichler.at\/blog\/?p=12863"},"modified":"2021-03-02T07:59:48","modified_gmt":"2021-03-02T06:59:48","slug":"kreativ-brief-janner-21-2","status":"publish","type":"post","link":"https:\/\/dorispichler.at\/blog\/kreativ-brief-janner-21-2\/","title":{"rendered":"Kreativ-Brief | Februar 2021"},"content":{"rendered":"\n<div class=\"wp-block-image\"><figure class=\"alignleft is-resized\"><a ref=\"magnificPopup\" href=\"https:\/\/dorispichler.at\/blog\/wp-content\/uploads\/2021\/02\/0121-material.jpg\"><img loading=\"lazy\" decoding=\"async\" src=\"https:\/\/dorispichler.at\/blog\/wp-content\/uploads\/2021\/03\/0221-material.jpg\" alt=\"\" class=\"wp-image-12866\" width=\"262\" height=\"240\" srcset=\"https:\/\/dorispichler.at\/blog\/wp-content\/uploads\/2021\/03\/0221-material.jpg 523w, https:\/\/dorispichler.at\/blog\/wp-content\/uploads\/2021\/03\/0221-material-150x138.jpg 150w, https:\/\/dorispichler.at\/blog\/wp-content\/uploads\/2021\/03\/0221-material-300x275.jpg 300w, https:\/\/dorispichler.at\/blog\/wp-content\/uploads\/2021\/03\/0221-material-436x400.jpg 436w\" sizes=\"(max-width: 262px) 100vw, 262px\" \/><\/a><\/figure><\/div>\n\n\n<p>Februar-Kreativ-Brief: In meinem Brief befand sich je ein A5-Farbkarton in Marineblau und Grundwei\u00df, ein A6-Farbkarton in Anthrazitgrau, 1 St\u00fcck DSP wie Ma\u00dfgeschneidert 4 x 6&#8243; \u00a0und 2 30 cm lange Kordeln.<\/p>\n\n\n<p>Und das ist daraus entstanden:<\/p>\n\n\n\n<figure class=\"wp-block-image\"><a ref=\"magnificPopup\" href=\"https:\/\/dorispichler.at\/blog\/wp-content\/uploads\/2021\/03\/0221-dorisPichler_5769.jpg\"><img loading=\"lazy\" decoding=\"async\" width=\"1024\" height=\"1024\" src=\"https:\/\/dorispichler.at\/blog\/wp-content\/uploads\/2021\/03\/0221-dorisPichler_5769-1024x1024.jpg\" alt=\"kreativbrief-2021-februar\" class=\"wp-image-12864\" srcset=\"https:\/\/dorispichler.at\/blog\/wp-content\/uploads\/2021\/03\/0221-dorisPichler_5769-1024x1024.jpg 1024w, https:\/\/dorispichler.at\/blog\/wp-content\/uploads\/2021\/03\/0221-dorisPichler_5769-150x150.jpg 150w, https:\/\/dorispichler.at\/blog\/wp-content\/uploads\/2021\/03\/0221-dorisPichler_5769-300x300.jpg 300w, https:\/\/dorispichler.at\/blog\/wp-content\/uploads\/2021\/03\/0221-dorisPichler_5769-768x768.jpg 768w, https:\/\/dorispichler.at\/blog\/wp-content\/uploads\/2021\/03\/0221-dorisPichler_5769-600x600.jpg 600w, https:\/\/dorispichler.at\/blog\/wp-content\/uploads\/2021\/03\/0221-dorisPichler_5769-350x350.jpg 350w, https:\/\/dorispichler.at\/blog\/wp-content\/uploads\/2021\/03\/0221-dorisPichler_5769-400x400.jpg 400w, https:\/\/dorispichler.at\/blog\/wp-content\/uploads\/2021\/03\/0221-dorisPichler_5769.jpg 1080w\" sizes=\"(max-width: 1024px) 100vw, 1024px\" \/><\/a><\/figure>\n\n\n\n<p>Aus den A5-Farbkartons in Marineblau und Grundwei\u00df habe ich eine kleine Box gewerkt. Den Deckel habe ich mit DSP beklebt. <\/p>\n\n\n\n<p>Fertige Ma\u00dfe der Box: 7 x 7 x 4 cm. Die Anleitung f\u00fcr diese Box wird heute um 14:00 Uhr im Rahmen unseres Basteldienstags freigeschaltet.<\/p>\n\n\n\n<p>Aus den Resten habe ich noch zwei Karten gebastelt, die ich mit den Designerpapierresten versch\u00f6nert habe.<\/p>\n\n\n\n<figure class=\"wp-block-image\"><a ref=\"magnificPopup\" href=\"https:\/\/dorispichler.at\/blog\/wp-content\/uploads\/2021\/03\/0221-dorisPichler_5770.jpg\"><img loading=\"lazy\" decoding=\"async\" width=\"1024\" height=\"1024\" src=\"https:\/\/dorispichler.at\/blog\/wp-content\/uploads\/2021\/03\/0221-dorisPichler_5770-1024x1024.jpg\" alt=\"\" class=\"wp-image-12865\" srcset=\"https:\/\/dorispichler.at\/blog\/wp-content\/uploads\/2021\/03\/0221-dorisPichler_5770-1024x1024.jpg 1024w, https:\/\/dorispichler.at\/blog\/wp-content\/uploads\/2021\/03\/0221-dorisPichler_5770-150x150.jpg 150w, https:\/\/dorispichler.at\/blog\/wp-content\/uploads\/2021\/03\/0221-dorisPichler_5770-300x300.jpg 300w, https:\/\/dorispichler.at\/blog\/wp-content\/uploads\/2021\/03\/0221-dorisPichler_5770-768x768.jpg 768w, https:\/\/dorispichler.at\/blog\/wp-content\/uploads\/2021\/03\/0221-dorisPichler_5770-600x600.jpg 600w, https:\/\/dorispichler.at\/blog\/wp-content\/uploads\/2021\/03\/0221-dorisPichler_5770-350x350.jpg 350w, https:\/\/dorispichler.at\/blog\/wp-content\/uploads\/2021\/03\/0221-dorisPichler_5770-400x400.jpg 400w, https:\/\/dorispichler.at\/blog\/wp-content\/uploads\/2021\/03\/0221-dorisPichler_5770.jpg 1080w\" sizes=\"(max-width: 1024px) 100vw, 1024px\" \/><\/a><\/figure>\n\n\n\n<p><br><\/p>\n\n\n\n<p>Am Ende des Beitrags findet ihr wieder eine Liste mit allen verwendeten Materialien. <strong>Um 14:00 Uhr startet wieder der Basteldienstag<\/strong> &#8211; schaut also sp\u00e4ter nocheinmal vorbei.  Alles Liebe eure *)Doris~<\/p>\n\n\n\n<p>Und jetzt lasst euch von den Werken meiner Mitbastlerinnen begeistern. <a href=\"https:\/\/www.mrs-catty.at\/\" target=\"_blank\" rel=\"noreferrer noopener\" aria-label=\"Claudia \u00bb (\u00f6ffnet in neuem Tab)\">Claudia \u00bb<\/a> hat wie immer die Beitr\u00e4ge f\u00fcr uns zusammengefasst.<\/p>\n\n\n[vc_separator type=&#8220;short&#8220; size=&#8220;small&#8220; icon=&#8220;eye&#8220;]\n\n\n\n<p>Kreativ-Brief Materialliste \u2013 mit einem Klick auf \u201eSupply List\u201c herunterladen. <\/p>\n\n\n\n<div><div><div id=\"09a8c871-ac60-4bca-b300-d868e341204c\"><iframe class=\"iframe-showcase\" src=\"https:\/\/mystampinblog.com\/Showcase\/Details\/230cf856-3bcf-4d06-978f-3ba57dedd1af?layout=Carousel&#038;showSku=True&#038;showPrice=True&#038;showSalePrice=True&#038;showAddToCart=False&#038;showAddAllToCart=True&#038;showDownload=True&#038;transparent=False&#038;bordered=True&#038;hFontHeight=14&#038;rFontHeight=13&#038;imageHeight=120&#038;middleContent=False\" frameborder=\"0\" scrolling=\"no\" allowtransparency=\"true\" style=\"width:100%\"><\/iframe><\/div><script src=\"https:\/\/mystampinblog.com\/Script\/ShowcaseDetailsScript\"><\/script><\/div><\/div>\n","protected":false},"excerpt":{"rendered":"<p>Februar-Kreativ-Brief: In meinem Brief befand sich je ein A5-Farbkarton in Marineblau und Grundwei\u00df, ein A6-Farbkarton in Anthrazitgrau, 1 St\u00fcck DSP wie Ma\u00dfgeschneidert 4 x 6&#8243; \u00a0und 2 30 cm lange Kordeln. Und das ist daraus entstanden: Aus den A5-Farbkartons in Marineblau und Grundwei\u00df habe ich eine kleine Box gewerkt. Den Deckel habe ich mit DSP&#8230;<\/p>\n","protected":false},"author":1,"featured_media":0,"comment_status":"open","ping_status":"closed","sticky":false,"template":"","format":"standard","meta":{"footnotes":""},"categories":[82,51],"tags":[],"class_list":["post-12863","post","type-post","status-publish","format-standard","hentry","category-kreativ-brief","category-stampinup"],"_links":{"self":[{"href":"https:\/\/dorispichler.at\/blog\/wp-json\/wp\/v2\/posts\/12863"}],"collection":[{"href":"https:\/\/dorispichler.at\/blog\/wp-json\/wp\/v2\/posts"}],"about":[{"href":"https:\/\/dorispichler.at\/blog\/wp-json\/wp\/v2\/types\/post"}],"author":[{"embeddable":true,"href":"https:\/\/dorispichler.at\/blog\/wp-json\/wp\/v2\/users\/1"}],"replies":[{"embeddable":true,"href":"https:\/\/dorispichler.at\/blog\/wp-json\/wp\/v2\/comments?post=12863"}],"version-history":[{"count":0,"href":"https:\/\/dorispichler.at\/blog\/wp-json\/wp\/v2\/posts\/12863\/revisions"}],"wp:attachment":[{"href":"https:\/\/dorispichler.at\/blog\/wp-json\/wp\/v2\/media?parent=12863"}],"wp:term":[{"taxonomy":"category","embeddable":true,"href":"https:\/\/dorispichler.at\/blog\/wp-json\/wp\/v2\/categories?post=12863"},{"taxonomy":"post_tag","embeddable":true,"href":"https:\/\/dorispichler.at\/blog\/wp-json\/wp\/v2\/tags?post=12863"}],"curies":[{"name":"wp","href":"https:\/\/api.w.org\/{rel}","templated":true}]}}