{"id":12626,"date":"2021-02-02T06:00:07","date_gmt":"2021-02-02T05:00:07","guid":{"rendered":"http:\/\/www.dorispichler.at\/blog\/?p=12626"},"modified":"2021-02-01T19:08:48","modified_gmt":"2021-02-01T18:08:48","slug":"kreativ-brief-janner-21","status":"publish","type":"post","link":"https:\/\/dorispichler.at\/blog\/kreativ-brief-janner-21\/","title":{"rendered":"Kreativ-Brief | J\u00e4nner 2021"},"content":{"rendered":"\n<div class=\"wp-block-image\"><figure class=\"alignleft is-resized\"><a ref=\"magnificPopup\" href=\"https:\/\/dorispichler.at\/blog\/wp-content\/uploads\/2021\/02\/0121-material.jpg\"><img loading=\"lazy\" decoding=\"async\" src=\"https:\/\/dorispichler.at\/blog\/wp-content\/uploads\/2021\/02\/0121-material.jpg\" alt=\"kreativ-brief-0121-material\" class=\"wp-image-12631\" width=\"320\" height=\"227\" srcset=\"https:\/\/dorispichler.at\/blog\/wp-content\/uploads\/2021\/02\/0121-material.jpg 640w, https:\/\/dorispichler.at\/blog\/wp-content\/uploads\/2021\/02\/0121-material-150x106.jpg 150w, https:\/\/dorispichler.at\/blog\/wp-content\/uploads\/2021\/02\/0121-material-300x213.jpg 300w, https:\/\/dorispichler.at\/blog\/wp-content\/uploads\/2021\/02\/0121-material-600x426.jpg 600w, https:\/\/dorispichler.at\/blog\/wp-content\/uploads\/2021\/02\/0121-material-564x400.jpg 564w\" sizes=\"(max-width: 320px) 100vw, 320px\" \/><\/a><\/figure><\/div>\n\n\n<p>J\u00e4nner-Kreativ-Brief: In meinem Brief befand sich ein A5-Farbkarton in Bermudablau, ein A6- und A7-Farbkarton in Fl\u00fcsterwei\u00df, DSP Schneckenpost 4 x 46&#8243;, eine Schnecke, ein Minibrief und zwei Harz-Accessoires in Herzform.<\/p>\n\n\n<p>Und das ist daraus entstanden:<\/p>\n\n\n\n<figure class=\"wp-block-image\"><a ref=\"magnificPopup\" href=\"https:\/\/dorispichler.at\/blog\/wp-content\/uploads\/2021\/02\/0121-dorisPichler_5562.jpg\"><img loading=\"lazy\" decoding=\"async\" width=\"600\" height=\"800\" src=\"https:\/\/dorispichler.at\/blog\/wp-content\/uploads\/2021\/02\/0121-dorisPichler_5562.jpg\" alt=\"kreativ-brief-0121-stufenkarte\" class=\"wp-image-12630\" srcset=\"https:\/\/dorispichler.at\/blog\/wp-content\/uploads\/2021\/02\/0121-dorisPichler_5562.jpg 600w, https:\/\/dorispichler.at\/blog\/wp-content\/uploads\/2021\/02\/0121-dorisPichler_5562-113x150.jpg 113w, https:\/\/dorispichler.at\/blog\/wp-content\/uploads\/2021\/02\/0121-dorisPichler_5562-225x300.jpg 225w, https:\/\/dorispichler.at\/blog\/wp-content\/uploads\/2021\/02\/0121-dorisPichler_5562-450x600.jpg 450w, https:\/\/dorispichler.at\/blog\/wp-content\/uploads\/2021\/02\/0121-dorisPichler_5562-150x200.jpg 150w, https:\/\/dorispichler.at\/blog\/wp-content\/uploads\/2021\/02\/0121-dorisPichler_5562-300x400.jpg 300w\" sizes=\"(max-width: 600px) 100vw, 600px\" \/><\/a><\/figure>\n\n\n\n<p>Die Anleitung f\u00fcr diese 3-Stufen-Karte von Belinda Neil ist mir im Internet aufgefallen. Ich habe die Ma\u00dfe etwas ver\u00e4ndert und diese Karte daraus gewerkt. Den Hintergrund habe ich mit den Dekoschablonen Musterbasics und den neuen Blendingpinseln Ton-in-Ton gearbeitet. Die Motive aus dem Stempelset Schneckenpost habe ich mit Stampin&#8216; Blends in den Farben Glutrot, Bermudablau, Schiefergrau und Bl\u00fctenrosa koloriert.<\/p>\n\n\n\n<p>Aus dem A6 Farbkarton in Wei\u00df und dem Designerpapier habe ich noch eine Mini-Karte gearbeitet. Die Schnecke habe ich dazu geschmuggelt \u2026<\/p>\n\n\n\n<figure class=\"wp-block-image\"><a ref=\"magnificPopup\" href=\"https:\/\/dorispichler.at\/blog\/wp-content\/uploads\/2021\/02\/0121-dorisPichler_5557.jpg\"><img loading=\"lazy\" decoding=\"async\" width=\"1024\" height=\"1024\" src=\"https:\/\/dorispichler.at\/blog\/wp-content\/uploads\/2021\/02\/0121-dorisPichler_5557-1024x1024.jpg\" alt=\"kreativ-brief-0121-Schneckenkarte\" class=\"wp-image-12628\" srcset=\"https:\/\/dorispichler.at\/blog\/wp-content\/uploads\/2021\/02\/0121-dorisPichler_5557-1024x1024.jpg 1024w, https:\/\/dorispichler.at\/blog\/wp-content\/uploads\/2021\/02\/0121-dorisPichler_5557-150x150.jpg 150w, https:\/\/dorispichler.at\/blog\/wp-content\/uploads\/2021\/02\/0121-dorisPichler_5557-300x300.jpg 300w, https:\/\/dorispichler.at\/blog\/wp-content\/uploads\/2021\/02\/0121-dorisPichler_5557-768x768.jpg 768w, https:\/\/dorispichler.at\/blog\/wp-content\/uploads\/2021\/02\/0121-dorisPichler_5557-600x600.jpg 600w, https:\/\/dorispichler.at\/blog\/wp-content\/uploads\/2021\/02\/0121-dorisPichler_5557-350x350.jpg 350w, https:\/\/dorispichler.at\/blog\/wp-content\/uploads\/2021\/02\/0121-dorisPichler_5557-400x400.jpg 400w, https:\/\/dorispichler.at\/blog\/wp-content\/uploads\/2021\/02\/0121-dorisPichler_5557.jpg 1080w\" sizes=\"(max-width: 1024px) 100vw, 1024px\" \/><\/a><\/figure>\n\n\n\n<p><br>Hier noch beide Projekte auf einem Bild:<\/p>\n\n\n\n<figure class=\"wp-block-image\"><a ref=\"magnificPopup\" href=\"https:\/\/dorispichler.at\/blog\/wp-content\/uploads\/2021\/02\/0121-dorisPichler_5559.jpg\"><img loading=\"lazy\" decoding=\"async\" width=\"497\" height=\"1024\" src=\"https:\/\/dorispichler.at\/blog\/wp-content\/uploads\/2021\/02\/0121-dorisPichler_5559-497x1024.jpg\" alt=\"kreativ-brief-0121-projekte\" class=\"wp-image-12629\" srcset=\"https:\/\/dorispichler.at\/blog\/wp-content\/uploads\/2021\/02\/0121-dorisPichler_5559-497x1024.jpg 497w, https:\/\/dorispichler.at\/blog\/wp-content\/uploads\/2021\/02\/0121-dorisPichler_5559-73x150.jpg 73w, https:\/\/dorispichler.at\/blog\/wp-content\/uploads\/2021\/02\/0121-dorisPichler_5559-146x300.jpg 146w, https:\/\/dorispichler.at\/blog\/wp-content\/uploads\/2021\/02\/0121-dorisPichler_5559-150x309.jpg 150w, https:\/\/dorispichler.at\/blog\/wp-content\/uploads\/2021\/02\/0121-dorisPichler_5559-194x400.jpg 194w, https:\/\/dorispichler.at\/blog\/wp-content\/uploads\/2021\/02\/0121-dorisPichler_5559.jpg 500w\" sizes=\"(max-width: 497px) 100vw, 497px\" \/><\/a><\/figure>\n\n\n\n<p>Am Ende des Beitrags findet ihr wieder eine Liste mit allen verwendeten Materialien. Um 14:00 Uhr startet wieder der Basteldienstag &#8211; schaut also sp\u00e4ter nocheinmal vorbei.  Alles Liebe eure *)Doris~<\/p>\n\n\n\n<p>Und jetzt lasst euch von den Werken meiner Mitbastlerinnen begeistern. <a href=\"https:\/\/www.mrs-catty.at\/\" target=\"_blank\" rel=\"noreferrer noopener\" aria-label=\"Claudia \u00bb (\u00f6ffnet in neuem Tab)\">Claudia \u00bb<\/a> hat wie immer die Beitr\u00e4ge f\u00fcr uns zusammengefasst.<\/p>\n\n\n[vc_separator type=&#8220;short&#8220; size=&#8220;small&#8220; icon=&#8220;eye&#8220;]\n\n\n\n<p>Kreativ-Brief Materialliste \u2013 mit einem Klick auf \u201eSupply List\u201c herunterladen. <\/p>\n\n\n\n<div><div><div id=\"239fa335-6449-46da-b1a7-30424b0c514c\"><iframe class=\"iframe-showcase\" src=\"https:\/\/mystampinblog.com\/Showcase\/Details\/52f9556b-82cb-4fde-9280-2f5ad7d1de52?layout=Carousel&#038;showSku=True&#038;showPrice=True&#038;showSalePrice=True&#038;showAddToCart=False&#038;showAddAllToCart=True&#038;showDownload=True&#038;transparent=False&#038;bordered=True&#038;hFontHeight=14&#038;rFontHeight=13&#038;imageHeight=120&#038;middleContent=False\" frameborder=\"0\" scrolling=\"no\" allowtransparency=\"true\" style=\"width:100%\"><\/iframe><\/div><script src=\"https:\/\/mystampinblog.com\/Script\/ShowcaseDetailsScript\"><\/script><\/div><\/div>\n","protected":false},"excerpt":{"rendered":"<p>J\u00e4nner-Kreativ-Brief: In meinem Brief befand sich ein A5-Farbkarton in Bermudablau, ein A6- und A7-Farbkarton in Fl\u00fcsterwei\u00df, DSP Schneckenpost 4 x 46&#8243;, eine Schnecke, ein Minibrief und zwei Harz-Accessoires in Herzform. Und das ist daraus entstanden: Die Anleitung f\u00fcr diese 3-Stufen-Karte von Belinda Neil ist mir im Internet aufgefallen. Ich habe die Ma\u00dfe etwas ver\u00e4ndert und&#8230;<\/p>\n","protected":false},"author":1,"featured_media":0,"comment_status":"open","ping_status":"closed","sticky":false,"template":"","format":"standard","meta":{"footnotes":""},"categories":[82,51],"tags":[],"class_list":["post-12626","post","type-post","status-publish","format-standard","hentry","category-kreativ-brief","category-stampinup"],"_links":{"self":[{"href":"https:\/\/dorispichler.at\/blog\/wp-json\/wp\/v2\/posts\/12626"}],"collection":[{"href":"https:\/\/dorispichler.at\/blog\/wp-json\/wp\/v2\/posts"}],"about":[{"href":"https:\/\/dorispichler.at\/blog\/wp-json\/wp\/v2\/types\/post"}],"author":[{"embeddable":true,"href":"https:\/\/dorispichler.at\/blog\/wp-json\/wp\/v2\/users\/1"}],"replies":[{"embeddable":true,"href":"https:\/\/dorispichler.at\/blog\/wp-json\/wp\/v2\/comments?post=12626"}],"version-history":[{"count":0,"href":"https:\/\/dorispichler.at\/blog\/wp-json\/wp\/v2\/posts\/12626\/revisions"}],"wp:attachment":[{"href":"https:\/\/dorispichler.at\/blog\/wp-json\/wp\/v2\/media?parent=12626"}],"wp:term":[{"taxonomy":"category","embeddable":true,"href":"https:\/\/dorispichler.at\/blog\/wp-json\/wp\/v2\/categories?post=12626"},{"taxonomy":"post_tag","embeddable":true,"href":"https:\/\/dorispichler.at\/blog\/wp-json\/wp\/v2\/tags?post=12626"}],"curies":[{"name":"wp","href":"https:\/\/api.w.org\/{rel}","templated":true}]}}