{"id":12562,"date":"2021-01-26T14:00:15","date_gmt":"2021-01-26T13:00:15","guid":{"rendered":"http:\/\/www.dorispichler.at\/blog\/?p=12562"},"modified":"2021-01-26T17:09:46","modified_gmt":"2021-01-26T16:09:46","slug":"basteldienstag-anzug","status":"publish","type":"post","link":"https:\/\/dorispichler.at\/blog\/basteldienstag-anzug\/","title":{"rendered":"Basteldienstag &#8211; Anzug"},"content":{"rendered":"\n<p>P\u00fcnktlich um 14:00 Uhr startet der 3. virtuelle Basteldienstag in diesem Jahr.<\/p>\n\n\n\n<h4 class=\"wp-block-heading\">Projekt 5: Anzugkarte<\/h4>\n\n\n\n<figure class=\"wp-block-image\"><a ref=\"magnificPopup\" href=\"https:\/\/dorispichler.at\/blog\/wp-content\/uploads\/2021\/01\/anzugkarte.jpg\"><img loading=\"lazy\" decoding=\"async\" width=\"800\" height=\"642\" src=\"https:\/\/dorispichler.at\/blog\/wp-content\/uploads\/2021\/01\/anzugkarte.jpg\" alt=\"anzugkarte-1\" class=\"wp-image-12563\" srcset=\"https:\/\/dorispichler.at\/blog\/wp-content\/uploads\/2021\/01\/anzugkarte.jpg 800w, https:\/\/dorispichler.at\/blog\/wp-content\/uploads\/2021\/01\/anzugkarte-150x120.jpg 150w, https:\/\/dorispichler.at\/blog\/wp-content\/uploads\/2021\/01\/anzugkarte-300x241.jpg 300w, https:\/\/dorispichler.at\/blog\/wp-content\/uploads\/2021\/01\/anzugkarte-768x616.jpg 768w, https:\/\/dorispichler.at\/blog\/wp-content\/uploads\/2021\/01\/anzugkarte-600x482.jpg 600w, https:\/\/dorispichler.at\/blog\/wp-content\/uploads\/2021\/01\/anzugkarte-498x400.jpg 498w\" sizes=\"(max-width: 800px) 100vw, 800px\" \/><\/a><figcaption>Anzugkarte: CASE Doris Pichler<\/figcaption><\/figure>\n\n\n\n<p>Die Grundkarte ist wieder ein A5-Farbkarton. Meine Anzugkarte wird vorne mit einem Magneten zusammengehalten. Das Innenleben ist kombiniert mit den Stanzformen &#8222;so stilvoll&#8220;. Die Hosentr\u00e4ger aus Karopapier habe ich Internet gesehen. Leider war das Foto nicht beschriftet \u2026 Wie ich die Karte gemacht habe, erkl\u00e4re ich in diesem Video <a href=\"https:\/\/youtu.be\/_hDmUJ79OQk\" target=\"_blank\" rel=\"noreferrer noopener\" aria-label=\"*klick* (\u00f6ffnet in neuem Tab)\">*klick*<\/a><\/p>\n\n\n\n<h4 class=\"wp-block-heading\">Projekt 6 &#8211; Anzugbox<\/h4>\n\n\n\n<p>Passend zur Karte habe ich auch eine Box entworfen. Nur die Krawatte habe ich gewechselt \ud83d\ude42<\/p>\n\n\n\n<figure class=\"wp-block-image\"><img loading=\"lazy\" decoding=\"async\" width=\"600\" height=\"800\" src=\"https:\/\/dorispichler.at\/blog\/wp-content\/uploads\/2021\/01\/anzugbox_5501.jpg\" alt=\"anzugbox-2\" class=\"wp-image-12564\" srcset=\"https:\/\/dorispichler.at\/blog\/wp-content\/uploads\/2021\/01\/anzugbox_5501.jpg 600w, https:\/\/dorispichler.at\/blog\/wp-content\/uploads\/2021\/01\/anzugbox_5501-113x150.jpg 113w, https:\/\/dorispichler.at\/blog\/wp-content\/uploads\/2021\/01\/anzugbox_5501-225x300.jpg 225w, https:\/\/dorispichler.at\/blog\/wp-content\/uploads\/2021\/01\/anzugbox_5501-450x600.jpg 450w, https:\/\/dorispichler.at\/blog\/wp-content\/uploads\/2021\/01\/anzugbox_5501-150x200.jpg 150w, https:\/\/dorispichler.at\/blog\/wp-content\/uploads\/2021\/01\/anzugbox_5501-300x400.jpg 300w\" sizes=\"(max-width: 600px) 100vw, 600px\" \/><figcaption>Anzugbox: CASE Doris Pichler<\/figcaption><\/figure>\n\n\n\n<p>F\u00fcr meine Anzugbox ben\u00f6tige ich nur ein St\u00fcck A5 Farbkarton. So eine kleine Schachtel habe ich bereits Anfang des Monats zum <a rel=\"noreferrer noopener\" aria-label=\"Kreativ-Brief (\u00f6ffnet in neuem Tab)\" href=\"https:\/\/dorispichler.at\/blog\/kreativ-brief-dezember-20\/\" target=\"_blank\">Kreativ-Brief<\/a> gezeigt. Die Box l\u00e4sst sich \u00fcbrigens komplett flach zusammen legen. Heute k\u00f6nnt ihr auch in meinem Video sehen, wie ich sie gemacht habe <a href=\"https:\/\/youtu.be\/ewNIR6s9XUY\" target=\"_blank\" rel=\"noreferrer noopener\" aria-label=\"*klick* (\u00f6ffnet in neuem Tab)\">*klick*<\/a><\/p>\n\n\n\n<p>Die Materialliste f\u00fcr Meine beiden Projekte:<\/p>\n\n\n\n<div><div><div id=\"68951aea-83b3-452a-bd41-a211a2cff84c\"><iframe class=\"iframe-showcase\" src=\"https:\/\/mystampinblog.com\/Showcase\/Details\/a5c26b45-4ff6-40fb-bd8a-6304f96aba1e?layout=Carousel&amp;showSku=True&amp;showPrice=True&amp;showSalePrice=True&amp;showAddToCart=False&amp;showAddAllToCart=True&amp;showDownload=True&amp;transparent=False&amp;bordered=True&amp;hFontHeight=14&amp;rFontHeight=13&amp;imageHeight=120&amp;middleContent=False\" frameborder=\"0\" scrolling=\"no\" allowtransparency=\"true\" style=\"width:100%\"><\/iframe><\/div><script src=\"https:\/\/mystampinblog.com\/Script\/ShowcaseDetailsScript\"><\/script><\/div><\/div>\n\n\n\n<p>Die Krawatte der Box habe ich aus einem Papierrest gearbeitet. Leider wei\u00df ich nicht mehr aus welchem Designerpapier es ist.<\/p>\n\n\n\n<p>Ich w\u00fcsche euch viel Spa\u00df beim Mitbasteln und bin schon ganz gespannt auf eure Versionen der verwickelten Projekte. Die fertigen Werke sammle ich wie immer auf meinem Herzblog <a rel=\"noreferrer noopener\" aria-label=\"*klick* (\u00f6ffnet in neuem Tab)\" href=\"https:\/\/herzfuerhallein.home.blog\/2021\/01\/26\/anzug\/\" target=\"_blank\">*klick*<\/a><\/p>\n\n\n\n<p>Alles Liebe<br>eure Doris<\/p>\n","protected":false},"excerpt":{"rendered":"<p>P\u00fcnktlich um 14:00 Uhr startet der 3. virtuelle Basteldienstag in diesem Jahr. Projekt 5: Anzugkarte Die Grundkarte ist wieder ein A5-Farbkarton. Meine Anzugkarte wird vorne mit einem Magneten zusammengehalten. Das Innenleben ist kombiniert mit den Stanzformen &#8222;so stilvoll&#8220;. Die Hosentr\u00e4ger aus Karopapier habe ich Internet gesehen. Leider war das Foto nicht beschriftet \u2026 Wie ich&#8230;<\/p>\n","protected":false},"author":1,"featured_media":0,"comment_status":"open","ping_status":"closed","sticky":false,"template":"","format":"standard","meta":{"footnotes":""},"categories":[75,51,77],"tags":[],"class_list":["post-12562","post","type-post","status-publish","format-standard","hentry","category-basteldienstag","category-stampinup","category-tutorial"],"_links":{"self":[{"href":"https:\/\/dorispichler.at\/blog\/wp-json\/wp\/v2\/posts\/12562"}],"collection":[{"href":"https:\/\/dorispichler.at\/blog\/wp-json\/wp\/v2\/posts"}],"about":[{"href":"https:\/\/dorispichler.at\/blog\/wp-json\/wp\/v2\/types\/post"}],"author":[{"embeddable":true,"href":"https:\/\/dorispichler.at\/blog\/wp-json\/wp\/v2\/users\/1"}],"replies":[{"embeddable":true,"href":"https:\/\/dorispichler.at\/blog\/wp-json\/wp\/v2\/comments?post=12562"}],"version-history":[{"count":0,"href":"https:\/\/dorispichler.at\/blog\/wp-json\/wp\/v2\/posts\/12562\/revisions"}],"wp:attachment":[{"href":"https:\/\/dorispichler.at\/blog\/wp-json\/wp\/v2\/media?parent=12562"}],"wp:term":[{"taxonomy":"category","embeddable":true,"href":"https:\/\/dorispichler.at\/blog\/wp-json\/wp\/v2\/categories?post=12562"},{"taxonomy":"post_tag","embeddable":true,"href":"https:\/\/dorispichler.at\/blog\/wp-json\/wp\/v2\/tags?post=12562"}],"curies":[{"name":"wp","href":"https:\/\/api.w.org\/{rel}","templated":true}]}}