{"id":12461,"date":"2021-01-11T09:32:23","date_gmt":"2021-01-11T08:32:23","guid":{"rendered":"http:\/\/www.dorispichler.at\/blog\/?p=12461"},"modified":"2021-01-11T10:21:22","modified_gmt":"2021-01-11T09:21:22","slug":"basteldienstag","status":"publish","type":"post","link":"https:\/\/dorispichler.at\/blog\/basteldienstag\/","title":{"rendered":"Basteldienstag"},"content":{"rendered":"\n<p>Der Bastelspa\u00df geht bereits ins vierte Jahr \u2026 der Basteldienstag ist wieder da! Auszeit vom hektischen Alltag und in gem\u00fctlicher Runde kreativ sein. <\/p>\n\n\n\n<p>Im J\u00e4nner 2017 habe ich den Basteldienstag als Herz-f\u00fcr-Hallein-Projekt ins Leben gerufen. Viele sind seither meinem ungew\u00f6hnlichen Projekt gefolgt. Nochmals vielen Dank an alle \u2026 <br><\/p>\n\n\n\n<p>Normalerweise treffen wir uns um 14:00 Uhr im Pan Caf\u00e9 in Hallein. Aufgrund der aktuellen Covid-19-Situation habe ich unseren Bastelnachmittag ins Internet verlegt und wir basteln mittels Zoom-Meeting und Video.<\/p>\n\n\n\n<p>Um 14:00 Uhr werden der Blog, die Videos und die Anleitungen frei geschaltet. Wer sich bei mir direkt meldet, kann auch bei unserem Zoom-Meeting dabei sein.<br><\/p>\n\n\n\n<p>Also vergesst nicht: Morgen um 14:00 Uhr startet unser Basteldienstag ins neue Jahr. Ich freue mich auf euch.<\/p>\n\n\n\n<p>Alles Liebe<br>eure Doris<\/p>\n\n\n\n<figure class=\"wp-block-image\"><a ref=\"magnificPopup\" href=\"https:\/\/dorispichler.at\/blog\/wp-content\/uploads\/2021\/01\/bd_7344.jpg\"><img loading=\"lazy\" decoding=\"async\" width=\"1024\" height=\"402\" src=\"https:\/\/dorispichler.at\/blog\/wp-content\/uploads\/2021\/01\/bd_7344-1024x402.jpg\" alt=\"basteldienstag-paravantkarte\" class=\"wp-image-12464\" srcset=\"https:\/\/dorispichler.at\/blog\/wp-content\/uploads\/2021\/01\/bd_7344-1024x402.jpg 1024w, https:\/\/dorispichler.at\/blog\/wp-content\/uploads\/2021\/01\/bd_7344-150x59.jpg 150w, https:\/\/dorispichler.at\/blog\/wp-content\/uploads\/2021\/01\/bd_7344-300x118.jpg 300w, https:\/\/dorispichler.at\/blog\/wp-content\/uploads\/2021\/01\/bd_7344-768x302.jpg 768w, https:\/\/dorispichler.at\/blog\/wp-content\/uploads\/2021\/01\/bd_7344-600x236.jpg 600w, https:\/\/dorispichler.at\/blog\/wp-content\/uploads\/2021\/01\/bd_7344.jpg 1654w\" sizes=\"(max-width: 1024px) 100vw, 1024px\" \/><\/a><\/figure>\n\n\n\n<figure class=\"wp-block-image\"><a ref=\"magnificPopup\" href=\"https:\/\/dorispichler.at\/blog\/wp-content\/uploads\/2021\/01\/bd_9040.jpg\"><img loading=\"lazy\" decoding=\"async\" width=\"1024\" height=\"475\" src=\"https:\/\/dorispichler.at\/blog\/wp-content\/uploads\/2021\/01\/bd_9040-1024x475.jpg\" alt=\"basteldienstag-markt\" class=\"wp-image-12465\" srcset=\"https:\/\/dorispichler.at\/blog\/wp-content\/uploads\/2021\/01\/bd_9040-1024x475.jpg 1024w, https:\/\/dorispichler.at\/blog\/wp-content\/uploads\/2021\/01\/bd_9040-150x70.jpg 150w, https:\/\/dorispichler.at\/blog\/wp-content\/uploads\/2021\/01\/bd_9040-300x139.jpg 300w, https:\/\/dorispichler.at\/blog\/wp-content\/uploads\/2021\/01\/bd_9040-768x357.jpg 768w, https:\/\/dorispichler.at\/blog\/wp-content\/uploads\/2021\/01\/bd_9040-600x279.jpg 600w, https:\/\/dorispichler.at\/blog\/wp-content\/uploads\/2021\/01\/bd_9040.jpg 1654w\" sizes=\"(max-width: 1024px) 100vw, 1024px\" \/><\/a><\/figure>\n\n\n\n<figure class=\"wp-block-image\"><a ref=\"magnificPopup\" href=\"https:\/\/dorispichler.at\/blog\/wp-content\/uploads\/2021\/01\/bd_7393.jpg\"><img loading=\"lazy\" decoding=\"async\" width=\"1024\" height=\"475\" src=\"https:\/\/dorispichler.at\/blog\/wp-content\/uploads\/2021\/01\/bd_7393-1024x475.jpg\" alt=\"basteldienstag-fr\u00fchling\" class=\"wp-image-12466\" srcset=\"https:\/\/dorispichler.at\/blog\/wp-content\/uploads\/2021\/01\/bd_7393-1024x475.jpg 1024w, https:\/\/dorispichler.at\/blog\/wp-content\/uploads\/2021\/01\/bd_7393-150x70.jpg 150w, https:\/\/dorispichler.at\/blog\/wp-content\/uploads\/2021\/01\/bd_7393-300x139.jpg 300w, https:\/\/dorispichler.at\/blog\/wp-content\/uploads\/2021\/01\/bd_7393-768x357.jpg 768w, https:\/\/dorispichler.at\/blog\/wp-content\/uploads\/2021\/01\/bd_7393-600x279.jpg 600w, https:\/\/dorispichler.at\/blog\/wp-content\/uploads\/2021\/01\/bd_7393.jpg 1654w\" sizes=\"(max-width: 1024px) 100vw, 1024px\" \/><\/a><\/figure>\n","protected":false},"excerpt":{"rendered":"<p>Der Bastelspa\u00df geht bereits ins vierte Jahr \u2026 der Basteldienstag ist wieder da! Auszeit vom hektischen Alltag und in gem\u00fctlicher Runde kreativ sein. Im J\u00e4nner 2017 habe ich den Basteldienstag als Herz-f\u00fcr-Hallein-Projekt ins Leben gerufen. Viele sind seither meinem ungew\u00f6hnlichen Projekt gefolgt. Nochmals vielen Dank an alle \u2026 Normalerweise treffen wir uns um 14:00 Uhr&#8230;<\/p>\n","protected":false},"author":1,"featured_media":12462,"comment_status":"open","ping_status":"closed","sticky":false,"template":"","format":"standard","meta":{"footnotes":""},"categories":[75,51],"tags":[],"class_list":["post-12461","post","type-post","status-publish","format-standard","has-post-thumbnail","hentry","category-basteldienstag","category-stampinup"],"_links":{"self":[{"href":"https:\/\/dorispichler.at\/blog\/wp-json\/wp\/v2\/posts\/12461"}],"collection":[{"href":"https:\/\/dorispichler.at\/blog\/wp-json\/wp\/v2\/posts"}],"about":[{"href":"https:\/\/dorispichler.at\/blog\/wp-json\/wp\/v2\/types\/post"}],"author":[{"embeddable":true,"href":"https:\/\/dorispichler.at\/blog\/wp-json\/wp\/v2\/users\/1"}],"replies":[{"embeddable":true,"href":"https:\/\/dorispichler.at\/blog\/wp-json\/wp\/v2\/comments?post=12461"}],"version-history":[{"count":0,"href":"https:\/\/dorispichler.at\/blog\/wp-json\/wp\/v2\/posts\/12461\/revisions"}],"wp:featuredmedia":[{"embeddable":true,"href":"https:\/\/dorispichler.at\/blog\/wp-json\/wp\/v2\/media\/12462"}],"wp:attachment":[{"href":"https:\/\/dorispichler.at\/blog\/wp-json\/wp\/v2\/media?parent=12461"}],"wp:term":[{"taxonomy":"category","embeddable":true,"href":"https:\/\/dorispichler.at\/blog\/wp-json\/wp\/v2\/categories?post=12461"},{"taxonomy":"post_tag","embeddable":true,"href":"https:\/\/dorispichler.at\/blog\/wp-json\/wp\/v2\/tags?post=12461"}],"curies":[{"name":"wp","href":"https:\/\/api.w.org\/{rel}","templated":true}]}}