{"id":12441,"date":"2021-01-08T06:00:14","date_gmt":"2021-01-08T05:00:14","guid":{"rendered":"http:\/\/www.dorispichler.at\/blog\/?p=12441"},"modified":"2021-01-07T18:07:21","modified_gmt":"2021-01-07T17:07:21","slug":"bloghop-woche-sab-21-5","status":"publish","type":"post","link":"https:\/\/dorispichler.at\/blog\/bloghop-woche-sab-21-5\/","title":{"rendered":"Bloghop-Woche &#8222;SAB \/ Minikatalog&#8220; Tag 5"},"content":{"rendered":"<p><img loading=\"lazy\" decoding=\"async\" id=\"rechts\" class=\"wp-image-8216 size-full aligncenter\" src=\"https:\/\/dorispichler.at\/blog\/wp-content\/uploads\/2019\/01\/2019_BHW_banner.jpg\" alt=\"bloghop-woche bannerbutton\" width=\"640\" height=\"455\" srcset=\"https:\/\/dorispichler.at\/blog\/wp-content\/uploads\/2019\/01\/2019_BHW_banner.jpg 640w, https:\/\/dorispichler.at\/blog\/wp-content\/uploads\/2019\/01\/2019_BHW_banner-150x107.jpg 150w, https:\/\/dorispichler.at\/blog\/wp-content\/uploads\/2019\/01\/2019_BHW_banner-300x213.jpg 300w, https:\/\/dorispichler.at\/blog\/wp-content\/uploads\/2019\/01\/2019_BHW_banner-600x427.jpg 600w, https:\/\/dorispichler.at\/blog\/wp-content\/uploads\/2019\/01\/2019_BHW_banner-563x400.jpg 563w\" sizes=\"(max-width: 640px) 100vw, 640px\" \/><\/p>\n<p>Herzlich willkommen bei der Bloghop-Woche unseres Teams. Ich freue mich, dass du unserer Bloghop-Runde folgst.<\/p>\n<p>Das Team Astrids-Papiereuphorie pr\u00e4sentiert diese Woche folgend Projekte:<\/p>\n<p><!-- Ende Materialliste --><\/p>\n\n\n<p><strong>Vorgaben: <\/strong>Kombiniert ein Produkt aus dem SAB-Flyer mit den Produkten ausdem Minikatalog J\u00e4nner bis Juli bzw. Jahreskatalog<\/p>\n\n\n\n<h5 class=\"wp-block-heading\">Tag 5: Sackerl \/ Tasche(rl)<\/h5>\n\n\n\n<figure class=\"wp-block-image\"><a ref=\"magnificPopup\" href=\"https:\/\/dorispichler.at\/blog\/wp-content\/uploads\/2021\/01\/05tasche_5303.jpg\"><img loading=\"lazy\" decoding=\"async\" width=\"1024\" height=\"1024\" src=\"https:\/\/dorispichler.at\/blog\/wp-content\/uploads\/2021\/01\/05tasche_5303-1024x1024.jpg\" alt=\"Bloghop-Woche-0121\" class=\"wp-image-12443\" srcset=\"https:\/\/dorispichler.at\/blog\/wp-content\/uploads\/2021\/01\/05tasche_5303-1024x1024.jpg 1024w, https:\/\/dorispichler.at\/blog\/wp-content\/uploads\/2021\/01\/05tasche_5303-150x150.jpg 150w, https:\/\/dorispichler.at\/blog\/wp-content\/uploads\/2021\/01\/05tasche_5303-300x300.jpg 300w, https:\/\/dorispichler.at\/blog\/wp-content\/uploads\/2021\/01\/05tasche_5303-768x768.jpg 768w, https:\/\/dorispichler.at\/blog\/wp-content\/uploads\/2021\/01\/05tasche_5303-600x600.jpg 600w, https:\/\/dorispichler.at\/blog\/wp-content\/uploads\/2021\/01\/05tasche_5303-350x350.jpg 350w, https:\/\/dorispichler.at\/blog\/wp-content\/uploads\/2021\/01\/05tasche_5303-400x400.jpg 400w, https:\/\/dorispichler.at\/blog\/wp-content\/uploads\/2021\/01\/05tasche_5303.jpg 1080w\" sizes=\"(max-width: 1024px) 100vw, 1024px\" \/><\/a><\/figure>\n\n\n\n<h3 class=\"wp-block-heading\">Wiesenblumen-Sackerl<\/h3>\n\n\n\n<p>F\u00fcr mein Sackerl habe ich das Designerpapier &#8222;Wiesenblumen&#8220; verwendet. Das Papier mit den G\u00e4nsebl\u00fcmchen hat mir auf Anhieb gefallen. Und da die Innenseite so gut dazu gepasst hat, habe ich den oberen Rand nach au\u00dfen geschlagen.<\/p>\n\n\n\n<p>Das Karoband in Hummelgelb passt ideal als Henkel.<\/p>\n\n\n\n<p>Das K\u00e4rtchen in Apfelgr\u00fcn misst 7,4 x 4,6 cm, das wei\u00dfe K\u00e4rtchen habe ich mit en Stanzformen &#8222;So h\u00fcbsch verpackt&#8220; ausgestanzt (Eckige Stanze #4).<\/p>\n\n\n\n<p>Die gestempelten Bl\u00e4tter am Rand stammen aus dem Stempelset &#8222;F\u00fcr alle Zeit&#8220;, der Spruch aus dem Stempelset &#8222;Beerenstark&#8220;<\/p>\n\n\n\n<p>Die fertige Tasche misst 10 x 9 x 4,5 cm<\/p>\n\n\n\n<figure class=\"wp-block-image\"><a ref=\"magnificPopup\" href=\"https:\/\/dorispichler.at\/blog\/wp-content\/uploads\/2021\/01\/05tasche_5299.jpg\"><img loading=\"lazy\" decoding=\"async\" width=\"1024\" height=\"1024\" src=\"https:\/\/dorispichler.at\/blog\/wp-content\/uploads\/2021\/01\/05tasche_5299-1024x1024.jpg\" alt=\"\" class=\"wp-image-12442\" srcset=\"https:\/\/dorispichler.at\/blog\/wp-content\/uploads\/2021\/01\/05tasche_5299-1024x1024.jpg 1024w, https:\/\/dorispichler.at\/blog\/wp-content\/uploads\/2021\/01\/05tasche_5299-150x150.jpg 150w, https:\/\/dorispichler.at\/blog\/wp-content\/uploads\/2021\/01\/05tasche_5299-300x300.jpg 300w, https:\/\/dorispichler.at\/blog\/wp-content\/uploads\/2021\/01\/05tasche_5299-768x768.jpg 768w, https:\/\/dorispichler.at\/blog\/wp-content\/uploads\/2021\/01\/05tasche_5299-600x600.jpg 600w, https:\/\/dorispichler.at\/blog\/wp-content\/uploads\/2021\/01\/05tasche_5299-350x350.jpg 350w, https:\/\/dorispichler.at\/blog\/wp-content\/uploads\/2021\/01\/05tasche_5299-400x400.jpg 400w, https:\/\/dorispichler.at\/blog\/wp-content\/uploads\/2021\/01\/05tasche_5299.jpg 1080w\" sizes=\"(max-width: 1024px) 100vw, 1024px\" \/><\/a><\/figure>\n\n\n\n<p>Eine Auflistung aller verwendeten Materialien findet ihr wie immer am Ende des Beitrags. Das war&#8217;s schon wieder mit unserer Bloghop-Woche. Ich hoffe, ihr habt viele Anregungen f\u00fcr neue Projekte gefunden.<\/p>\n\n\n\n<p>Morgen gibt es wieder unseren samst\u00e4glichen Bloghop und n\u00e4chste Woche zeige ich euch weitere Projekte mit den neuen Produkten von Stampin&#8216; Up!<\/p>\n\n\n\n<p>Bis morgen<br>eure Doris<\/p>\n\n\n\n<div class=\"wp-block-image\"><figure class=\"aligncenter\"><a href=\"http:\/\/nitisbastelkiste.blogspot.com\" target=\"_blank\" rel=\"noreferrer noopener\"><img loading=\"lazy\" decoding=\"async\" width=\"120\" height=\"120\" src=\"https:\/\/dorispichler.at\/blog\/wp-content\/uploads\/2019\/01\/2019_BHW_next.jpg\" alt=\"bloghop-woche nextbutton\" class=\"wp-image-8217\"\/><\/a><figcaption><a href=\"http:\/\/nitisbastelkiste.blogspot.com\">Und jetzt wird weiter geh\u00fcpft zu Anita<\/a><\/figcaption><\/figure><\/div>\n\n\n[vc_separator type=&#8220;short&#8220; size=&#8220;small&#8220; icon=&#8220;eye&#8220;]\n\n\n\n<p>Materialliste &#8211; mit einem Klick auf &#8222;Supply List&#8220; herunterladen oder mit einem Klick auf die Abbildung direkt ins Shop springen.<\/p>\n\n\n\n<div><div><div id=\"4d9c2b5f-d9f3-4eec-ad6a-1b094cd61ffe\"><iframe class=\"iframe-showcase\" src=\"https:\/\/mystampinblog.com\/Showcase\/Details\/9c2feb1e-5e0a-4659-b829-3f7518eb0fe3?layout=Carousel&amp;showSku=True&amp;showPrice=True&amp;showSalePrice=True&amp;showAddToCart=False&amp;showAddAllToCart=True&amp;showDownload=True&amp;transparent=False&amp;bordered=True&amp;hFontHeight=14&amp;rFontHeight=13&amp;imageHeight=120&amp;middleContent=False\" frameborder=\"0\" scrolling=\"no\" allowtransparency=\"true\" style=\"width:100%\"><\/iframe><\/div><script src=\"https:\/\/mystampinblog.com\/Script\/ShowcaseDetailsScript\"><\/script><\/div><\/div>\n\n\n\n<p><\/p>\n","protected":false},"excerpt":{"rendered":"<p>Herzlich willkommen bei der Bloghop-Woche unseres Teams. Ich freue mich, dass du unserer Bloghop-Runde folgst. Das Team Astrids-Papiereuphorie pr\u00e4sentiert diese Woche folgend Projekte: Vorgaben: Kombiniert ein Produkt aus dem SAB-Flyer mit den Produkten ausdem Minikatalog J\u00e4nner bis Juli bzw. Jahreskatalog Tag 5: Sackerl \/ Tasche(rl) Wiesenblumen-Sackerl F\u00fcr mein Sackerl habe ich das Designerpapier &#8222;Wiesenblumen&#8220; verwendet&#8230;.<\/p>\n","protected":false},"author":1,"featured_media":0,"comment_status":"open","ping_status":"closed","sticky":false,"template":"","format":"standard","meta":{"footnotes":""},"categories":[94,96,90,51],"tags":[],"class_list":["post-12441","post","type-post","status-publish","format-standard","hentry","category-blog-hop-woche","category-minikarte","category-sab","category-stampinup"],"_links":{"self":[{"href":"https:\/\/dorispichler.at\/blog\/wp-json\/wp\/v2\/posts\/12441"}],"collection":[{"href":"https:\/\/dorispichler.at\/blog\/wp-json\/wp\/v2\/posts"}],"about":[{"href":"https:\/\/dorispichler.at\/blog\/wp-json\/wp\/v2\/types\/post"}],"author":[{"embeddable":true,"href":"https:\/\/dorispichler.at\/blog\/wp-json\/wp\/v2\/users\/1"}],"replies":[{"embeddable":true,"href":"https:\/\/dorispichler.at\/blog\/wp-json\/wp\/v2\/comments?post=12441"}],"version-history":[{"count":0,"href":"https:\/\/dorispichler.at\/blog\/wp-json\/wp\/v2\/posts\/12441\/revisions"}],"wp:attachment":[{"href":"https:\/\/dorispichler.at\/blog\/wp-json\/wp\/v2\/media?parent=12441"}],"wp:term":[{"taxonomy":"category","embeddable":true,"href":"https:\/\/dorispichler.at\/blog\/wp-json\/wp\/v2\/categories?post=12441"},{"taxonomy":"post_tag","embeddable":true,"href":"https:\/\/dorispichler.at\/blog\/wp-json\/wp\/v2\/tags?post=12441"}],"curies":[{"name":"wp","href":"https:\/\/api.w.org\/{rel}","templated":true}]}}