{"id":12390,"date":"2021-01-03T06:00:02","date_gmt":"2021-01-03T05:00:02","guid":{"rendered":"http:\/\/www.dorispichler.at\/blog\/?p=12390"},"modified":"2021-01-02T11:47:12","modified_gmt":"2021-01-02T10:47:12","slug":"kreativ-brief-dezember-20","status":"publish","type":"post","link":"https:\/\/dorispichler.at\/blog\/kreativ-brief-dezember-20\/","title":{"rendered":"Kreativ-Brief | Dezember 2020"},"content":{"rendered":"\n<div class=\"wp-block-image\"><figure class=\"alignleft is-resized\"><a ref=\"magnificPopup\" href=\"https:\/\/dorispichler.at\/blog\/wp-content\/uploads\/2021\/01\/1220material.jpg\"><img loading=\"lazy\" decoding=\"async\" src=\"https:\/\/dorispichler.at\/blog\/wp-content\/uploads\/2021\/01\/1220material.jpg\" alt=\"\" class=\"wp-image-12395\" width=\"308\" height=\"240\" srcset=\"https:\/\/dorispichler.at\/blog\/wp-content\/uploads\/2021\/01\/1220material.jpg 616w, https:\/\/dorispichler.at\/blog\/wp-content\/uploads\/2021\/01\/1220material-150x117.jpg 150w, https:\/\/dorispichler.at\/blog\/wp-content\/uploads\/2021\/01\/1220material-300x234.jpg 300w, https:\/\/dorispichler.at\/blog\/wp-content\/uploads\/2021\/01\/1220material-600x468.jpg 600w, https:\/\/dorispichler.at\/blog\/wp-content\/uploads\/2021\/01\/1220material-513x400.jpg 513w\" sizes=\"(max-width: 308px) 100vw, 308px\" \/><\/a><\/figure><\/div>\n\n\n<p>Dezember-Brief: In meinem Kreativbrief befand sich A5-Farbkarton in Fl\u00fcsterwei\u00df, ein A6-Farbkarton in Aquamarin, DSP Schneeflockentraum 2 x 6&#8243;, ein Blatt Pergamentkarton in A6 und vier selbstklebende Schneefolocken.<\/p>\n\n\n<p>Und das ist daraus entstanden:<\/p>\n\n\n\n<figure class=\"wp-block-image\"><a ref=\"magnificPopup\" href=\"https:\/\/dorispichler.at\/blog\/wp-content\/uploads\/2021\/01\/1220dorisPichler_5222.jpg\"><img loading=\"lazy\" decoding=\"async\" width=\"600\" height=\"800\" src=\"https:\/\/dorispichler.at\/blog\/wp-content\/uploads\/2021\/01\/1220dorisPichler_5222.jpg\" alt=\"kreativ-brief-1220\" class=\"wp-image-12392\" srcset=\"https:\/\/dorispichler.at\/blog\/wp-content\/uploads\/2021\/01\/1220dorisPichler_5222.jpg 600w, https:\/\/dorispichler.at\/blog\/wp-content\/uploads\/2021\/01\/1220dorisPichler_5222-113x150.jpg 113w, https:\/\/dorispichler.at\/blog\/wp-content\/uploads\/2021\/01\/1220dorisPichler_5222-225x300.jpg 225w, https:\/\/dorispichler.at\/blog\/wp-content\/uploads\/2021\/01\/1220dorisPichler_5222-450x600.jpg 450w, https:\/\/dorispichler.at\/blog\/wp-content\/uploads\/2021\/01\/1220dorisPichler_5222-150x200.jpg 150w, https:\/\/dorispichler.at\/blog\/wp-content\/uploads\/2021\/01\/1220dorisPichler_5222-300x400.jpg 300w\" sizes=\"(max-width: 600px) 100vw, 600px\" \/><\/a><\/figure>\n\n\n\n<p>Wie ihr seht, bin ich ganz verr\u00fcckt nach din Stanzformen &#8222;Anzug und Krawatte&#8220;. Urspr\u00fcnglich wollte ich eine selbstschlie\u00dfende Box machen, doch dann dachte ich mir: &#8222;Das sieht doch aus wie die Stanzteile Anzug und Krawatte,&#8220; und habe mich umentschieden, denn der Verschluss h\u00e4tte dann nicht mehr gepasst.<\/p>\n\n\n\n<p>Ich habe mich dann f\u00fcr einen Steckverschluss mit Schlitz entschieden. Den Schlitz findet man bei den Stanzformen &#8222;Tierische Freunde&#8220; und ist f\u00fcr viele Projekte super praktisch. Hier seht ihr die Box bevor ich sie zusammen geklebt habe.<\/p>\n\n\n\n<figure class=\"wp-block-image\"><img decoding=\"async\" src=\"https:\/\/dorispichler.at\/blog\/wp-content\/uploads\/2021\/01\/1220dP_5219.jpg\" alt=\"\" class=\"wp-image-12396\"\/><figcaption>Schnittplan<\/figcaption><\/figure>\n\n\n\n<p>Sehr praktisch ist auch, dass man die Box komplett zusammengelegt aufbewahren kann, da ich den Boden nur zusammengesteckt habe.<br><\/p>\n\n\n\n<p>Hier noch ein paar Ansichten meiner Hemdenbox:<\/p>\n\n\n\n<ul class=\"wp-block-gallery columns-3 is-cropped wp-block-gallery-1 is-layout-flex wp-block-gallery-is-layout-flex\"><li class=\"blocks-gallery-item\"><figure><img loading=\"lazy\" decoding=\"async\" width=\"500\" height=\"841\" src=\"https:\/\/dorispichler.at\/blog\/wp-content\/uploads\/2021\/01\/1220dP_5234.jpg\" alt=\"\" data-id=\"12394\" data-link=\"https:\/\/dorispichler.at\/blog\/?attachment_id=12394\" class=\"wp-image-12394\" srcset=\"https:\/\/dorispichler.at\/blog\/wp-content\/uploads\/2021\/01\/1220dP_5234.jpg 500w, https:\/\/dorispichler.at\/blog\/wp-content\/uploads\/2021\/01\/1220dP_5234-89x150.jpg 89w, https:\/\/dorispichler.at\/blog\/wp-content\/uploads\/2021\/01\/1220dP_5234-178x300.jpg 178w, https:\/\/dorispichler.at\/blog\/wp-content\/uploads\/2021\/01\/1220dP_5234-150x252.jpg 150w, https:\/\/dorispichler.at\/blog\/wp-content\/uploads\/2021\/01\/1220dP_5234-238x400.jpg 238w\" sizes=\"(max-width: 500px) 100vw, 500px\" \/><figcaption>zusammengelegt<\/figcaption><\/figure><\/li><li class=\"blocks-gallery-item\"><figure><img loading=\"lazy\" decoding=\"async\" width=\"578\" height=\"800\" src=\"https:\/\/dorispichler.at\/blog\/wp-content\/uploads\/2021\/01\/1220dP_5232.jpg\" alt=\"\" data-id=\"12393\" data-link=\"https:\/\/dorispichler.at\/blog\/?attachment_id=12393\" class=\"wp-image-12393\" srcset=\"https:\/\/dorispichler.at\/blog\/wp-content\/uploads\/2021\/01\/1220dP_5232.jpg 578w, https:\/\/dorispichler.at\/blog\/wp-content\/uploads\/2021\/01\/1220dP_5232-108x150.jpg 108w, https:\/\/dorispichler.at\/blog\/wp-content\/uploads\/2021\/01\/1220dP_5232-217x300.jpg 217w, https:\/\/dorispichler.at\/blog\/wp-content\/uploads\/2021\/01\/1220dP_5232-150x208.jpg 150w, https:\/\/dorispichler.at\/blog\/wp-content\/uploads\/2021\/01\/1220dP_5232-289x400.jpg 289w\" sizes=\"(max-width: 578px) 100vw, 578px\" \/><figcaption>von hinten<\/figcaption><\/figure><\/li><li class=\"blocks-gallery-item\"><figure><img loading=\"lazy\" decoding=\"async\" width=\"600\" height=\"800\" src=\"https:\/\/dorispichler.at\/blog\/wp-content\/uploads\/2021\/01\/1220dorisPichler_5220.jpg\" alt=\"\" data-id=\"12391\" data-link=\"https:\/\/dorispichler.at\/blog\/?attachment_id=12391\" class=\"wp-image-12391\" srcset=\"https:\/\/dorispichler.at\/blog\/wp-content\/uploads\/2021\/01\/1220dorisPichler_5220.jpg 600w, https:\/\/dorispichler.at\/blog\/wp-content\/uploads\/2021\/01\/1220dorisPichler_5220-113x150.jpg 113w, https:\/\/dorispichler.at\/blog\/wp-content\/uploads\/2021\/01\/1220dorisPichler_5220-225x300.jpg 225w, https:\/\/dorispichler.at\/blog\/wp-content\/uploads\/2021\/01\/1220dorisPichler_5220-450x600.jpg 450w, https:\/\/dorispichler.at\/blog\/wp-content\/uploads\/2021\/01\/1220dorisPichler_5220-150x200.jpg 150w, https:\/\/dorispichler.at\/blog\/wp-content\/uploads\/2021\/01\/1220dorisPichler_5220-300x400.jpg 300w\" sizes=\"(max-width: 600px) 100vw, 600px\" \/><figcaption>von vorne<\/figcaption><\/figure><\/li><\/ul>\n\n\n\n<p>F\u00fcr das Pergamentpapier habe ich keine Verwendung gehabt, wird aber sicher in einem meiner n\u00e4chsten Projekte eingebaut.<\/p>\n\n\n\n<p>Am Ende des Beitrags findet ihr wieder eine Liste mit allen verwendeten Materialien. Ab Morgen erf\u00e4hrt ihr mehr \u00fcber den neuen Mini-Katalog J\u00e4nner bis Juni und zur Sale-A-Bration.  Alles Liebe eure *)Doris~<\/p>\n\n\n\n<p>Und jetzt lasst euch von den Werken meiner Mitbastlerinnen begeistern. <a href=\"https:\/\/www.mrs-catty.at\/\" target=\"_blank\" rel=\"noreferrer noopener\" aria-label=\"Claudia \u00bb (\u00f6ffnet in neuem Tab)\">Claudia \u00bb<\/a> hat wie immer die Beitr\u00e4ge f\u00fcr uns zusammengefasst.<\/p>\n\n\n[vc_separator type=&#8220;short&#8220; size=&#8220;small&#8220; icon=&#8220;eye&#8220;]\n\n\n\n<p>Kreativ-Brief Materialliste \u2013 mit einem Klick auf \u201eSupply List\u201c herunterladen. Die Stanzformen &#8222;Anzug und Krawatte&#8220; gibt es erst ab 5. J\u00e4nner &#8211; Bestellnummer 154322, dazu gibt es auch ein passenden Stempelset und Accessoires. Mehr dazu in der n\u00e4chsten Woche<\/p>\n\n\n\n<div><div><div id=\"25db9486-f23c-4253-8403-f4e9c8cfc0c3\"><iframe class=\"iframe-showcase\" src=\"https:\/\/mystampinblog.com\/Showcase\/Details\/f160b5ba-2ae3-4eec-be8c-286914fd43b3?layout=Carousel&amp;showSku=True&amp;showPrice=True&amp;showSalePrice=True&amp;showAddToCart=False&amp;showAddAllToCart=True&amp;showDownload=True&amp;transparent=False&amp;bordered=True&amp;hFontHeight=14&amp;rFontHeight=13&amp;imageHeight=120&amp;middleContent=False\" frameborder=\"0\" scrolling=\"no\" allowtransparency=\"true\" style=\"width:100%\"><\/iframe><\/div><script src=\"https:\/\/mystampinblog.com\/Script\/ShowcaseDetailsScript\"><\/script><\/div><\/div>\n","protected":false},"excerpt":{"rendered":"<p>Dezember-Brief: In meinem Kreativbrief befand sich A5-Farbkarton in Fl\u00fcsterwei\u00df, ein A6-Farbkarton in Aquamarin, DSP Schneeflockentraum 2 x 6&#8243;, ein Blatt Pergamentkarton in A6 und vier selbstklebende Schneefolocken. Und das ist daraus entstanden: Wie ihr seht, bin ich ganz verr\u00fcckt nach din Stanzformen &#8222;Anzug und Krawatte&#8220;. Urspr\u00fcnglich wollte ich eine selbstschlie\u00dfende Box machen, doch dann dachte&#8230;<\/p>\n","protected":false},"author":1,"featured_media":0,"comment_status":"open","ping_status":"closed","sticky":false,"template":"","format":"standard","meta":{"footnotes":""},"categories":[82,51],"tags":[],"class_list":["post-12390","post","type-post","status-publish","format-standard","hentry","category-kreativ-brief","category-stampinup"],"_links":{"self":[{"href":"https:\/\/dorispichler.at\/blog\/wp-json\/wp\/v2\/posts\/12390"}],"collection":[{"href":"https:\/\/dorispichler.at\/blog\/wp-json\/wp\/v2\/posts"}],"about":[{"href":"https:\/\/dorispichler.at\/blog\/wp-json\/wp\/v2\/types\/post"}],"author":[{"embeddable":true,"href":"https:\/\/dorispichler.at\/blog\/wp-json\/wp\/v2\/users\/1"}],"replies":[{"embeddable":true,"href":"https:\/\/dorispichler.at\/blog\/wp-json\/wp\/v2\/comments?post=12390"}],"version-history":[{"count":0,"href":"https:\/\/dorispichler.at\/blog\/wp-json\/wp\/v2\/posts\/12390\/revisions"}],"wp:attachment":[{"href":"https:\/\/dorispichler.at\/blog\/wp-json\/wp\/v2\/media?parent=12390"}],"wp:term":[{"taxonomy":"category","embeddable":true,"href":"https:\/\/dorispichler.at\/blog\/wp-json\/wp\/v2\/categories?post=12390"},{"taxonomy":"post_tag","embeddable":true,"href":"https:\/\/dorispichler.at\/blog\/wp-json\/wp\/v2\/tags?post=12390"}],"curies":[{"name":"wp","href":"https:\/\/api.w.org\/{rel}","templated":true}]}}