{"id":11586,"date":"2020-08-02T06:00:22","date_gmt":"2020-08-02T04:00:22","guid":{"rendered":"http:\/\/www.dorispichler.at\/blog\/?p=11586"},"modified":"2020-08-01T18:15:07","modified_gmt":"2020-08-01T16:15:07","slug":"kreativ-brief-juli-20","status":"publish","type":"post","link":"https:\/\/dorispichler.at\/blog\/kreativ-brief-juli-20\/","title":{"rendered":"Kreativ-Brief | Juli 2020"},"content":{"rendered":"\n<div class=\"wp-block-image\"><figure class=\"alignleft is-resized\"><a ref=\"magnificPopup\" href=\"https:\/\/dorispichler.at\/blog\/wp-content\/uploads\/2020\/08\/0720-material.jpg\"><img loading=\"lazy\" decoding=\"async\" src=\"https:\/\/dorispichler.at\/blog\/wp-content\/uploads\/2020\/08\/0720-material.jpg\" alt=\"\" class=\"wp-image-11627\" width=\"240\" height=\"258\" srcset=\"https:\/\/dorispichler.at\/blog\/wp-content\/uploads\/2020\/08\/0720-material.jpg 480w, https:\/\/dorispichler.at\/blog\/wp-content\/uploads\/2020\/08\/0720-material-140x150.jpg 140w, https:\/\/dorispichler.at\/blog\/wp-content\/uploads\/2020\/08\/0720-material-280x300.jpg 280w, https:\/\/dorispichler.at\/blog\/wp-content\/uploads\/2020\/08\/0720-material-150x161.jpg 150w, https:\/\/dorispichler.at\/blog\/wp-content\/uploads\/2020\/08\/0720-material-373x400.jpg 373w\" sizes=\"(max-width: 240px) 100vw, 240px\" \/><\/a><\/figure><\/div>\n\n\n<p>Kreativ-Brief: In meinem Juli-Materialpaket befanden sich je ein A5-Farbkarton in Granit und Bl\u00fctenrosa und ein A7-Blatt&nbsp;Farbkarton in Fl\u00fcsterwei\u00df, ein St\u00fcck Designerpapier Pfingstrose, schimmerndes Geschenkband in Granit und ein St\u00fcck gestreiftes Organdy-Band in Bl\u00fctenrosa<\/p>\n\n\n<p>Und das ist daraus entstanden:<\/p>\n\n\n\n<figure class=\"wp-block-image\"><a ref=\"magnificPopup\" href=\"https:\/\/dorispichler.at\/blog\/wp-content\/uploads\/2020\/07\/0720dorisPichler_2870.jpg\"><img loading=\"lazy\" decoding=\"async\" width=\"800\" height=\"600\" src=\"https:\/\/dorispichler.at\/blog\/wp-content\/uploads\/2020\/07\/0720dorisPichler_2870.jpg\" alt=\"kreativ-brief-juli\" class=\"wp-image-11587\" srcset=\"https:\/\/dorispichler.at\/blog\/wp-content\/uploads\/2020\/07\/0720dorisPichler_2870.jpg 800w, https:\/\/dorispichler.at\/blog\/wp-content\/uploads\/2020\/07\/0720dorisPichler_2870-150x113.jpg 150w, https:\/\/dorispichler.at\/blog\/wp-content\/uploads\/2020\/07\/0720dorisPichler_2870-300x225.jpg 300w, https:\/\/dorispichler.at\/blog\/wp-content\/uploads\/2020\/07\/0720dorisPichler_2870-768x576.jpg 768w, https:\/\/dorispichler.at\/blog\/wp-content\/uploads\/2020\/07\/0720dorisPichler_2870-600x450.jpg 600w, https:\/\/dorispichler.at\/blog\/wp-content\/uploads\/2020\/07\/0720dorisPichler_2870-533x400.jpg 533w\" sizes=\"(max-width: 800px) 100vw, 800px\" \/><\/a><\/figure>\n\n\n\n<p><strong>Die Karte auf der rechten Seite<\/strong> habe ich aus dem Farbkarton in Bl\u00fctenrosa gearbeitet. Zuerst habe ich das sechseck mit den Stanzformen &#8222;Raffiniert bestickte Rahmen&#8220; ausgestanzt. Auf das ausgestanzte Teil habe ich den Spruch gestempelt und die Kartenfront mit dem Hintergrundstempel &#8222;Breathtaking Bouquet&#8220; bestempelt. Den bestickten Teil habe ich mit einem schiefergrauen Marker eingef\u00e4rbt. Am Bug habe ich einen kleinen Schlitz eingeschnitten und das Band durchgezogen.<\/p>\n\n\n\n<p><strong>Die linke Karte<\/strong> habe ich aus dem Farbkarton in Granit gearbeitet. Die Dreiecke sind aus dem Designerpapier &#8222;Pfingstrosenpoesie&#8220; mit den Stanzformen &#8222;Bestickte Dreiecke&#8220; ausgestanzt. Den Rest des Designerpapiers habe ich umgedreht und als Hintergrund aufgeklebt. Das Sechseck in der Mitte habe ich aus der Karte ausgestanzt und eingeklebt. Leider stimmt die Kartenfarbe nicht mit der Designerpapierfarbe zusammen. Festgestellt habe ich das erst bei Tageslicht \u2026 das hat man davon, wenn man immer nachts bastelt \u2026<\/p>\n\n\n\n<p>So sieht das dann von der Innenseite aus:<\/p>\n\n\n\n<figure class=\"wp-block-image\"><a ref=\"magnificPopup\" href=\"https:\/\/dorispichler.at\/blog\/wp-content\/uploads\/2020\/07\/0720dorisPichler_2873.jpg\"><img loading=\"lazy\" decoding=\"async\" width=\"848\" height=\"600\" src=\"https:\/\/dorispichler.at\/blog\/wp-content\/uploads\/2020\/07\/0720dorisPichler_2873.jpg\" alt=\"\" class=\"wp-image-11588\" srcset=\"https:\/\/dorispichler.at\/blog\/wp-content\/uploads\/2020\/07\/0720dorisPichler_2873.jpg 848w, https:\/\/dorispichler.at\/blog\/wp-content\/uploads\/2020\/07\/0720dorisPichler_2873-150x106.jpg 150w, https:\/\/dorispichler.at\/blog\/wp-content\/uploads\/2020\/07\/0720dorisPichler_2873-300x212.jpg 300w, https:\/\/dorispichler.at\/blog\/wp-content\/uploads\/2020\/07\/0720dorisPichler_2873-768x543.jpg 768w, https:\/\/dorispichler.at\/blog\/wp-content\/uploads\/2020\/07\/0720dorisPichler_2873-600x425.jpg 600w, https:\/\/dorispichler.at\/blog\/wp-content\/uploads\/2020\/07\/0720dorisPichler_2873-565x400.jpg 565w\" sizes=\"(max-width: 848px) 100vw, 848px\" \/><\/a><\/figure>\n\n\n\n<p>Vor dem Ausstanzen habe ich genau ausgemessen und so scheint durch das ausgestanzte Sechseck das Muster auf der R\u00fcckseite 100 % symmetrisch durch. <\/p>\n\n\n\n<p>Mit einen Gelstift habe ich die einzelnen Motive &#8222;abgesteppt&#8220;. Das Dreiecksornament auf der rechten Seite stammt ebenfalls aus den Stanzformen &#8222;Bestickte Dreiecke&#8220;<br><\/p>\n\n\n\n<p>Am Ende des Beitrags findet ihr wieder eine Liste mit allen verwendeten Materialien.  Alles Liebe eure *)Doris~<\/p>\n\n\n\n<p>Und jetzt lasst euch von den Werken meiner Mitbastlerinnen begeistern. <a href=\"https:\/\/www.mrs-catty.at\/\" target=\"_blank\" rel=\"noreferrer noopener\" aria-label=\"Claudia \u00bb (\u00f6ffnet in neuem Tab)\">Claudia \u00bb<\/a> hat wie immer die Beitr\u00e4ge f\u00fcr uns zusammengefasst.<\/p>\n\n\n[vc_separator type=&#8220;short&#8220; size=&#8220;small&#8220; icon=&#8220;eye&#8220;]\n\n\n\n<p>Kreativ-Brief Materialliste \u2013 mit einem Klick auf \u201eSupply List\u201c herunterladen<\/p>\n\n\n\n<div><div><div id=\"a2f92e23-ff5f-457e-8109-32c29f0501bb\"><iframe class=\"iframe-showcase\" src=\"https:\/\/mystampinblog.com\/Showcase\/Details\/1ff3670e-c2e5-4ed0-b9c3-93b621e1df37?layout=Carousel&amp;showSku=True&amp;showPrice=True&amp;showSalePrice=True&amp;showAddToCart=False&amp;showAddAllToCart=True&amp;showDownload=True&amp;transparent=False&amp;bordered=True&amp;hFontHeight=14&amp;rFontHeight=13&amp;imageHeight=120&amp;middleContent=False\" frameborder=\"0\" scrolling=\"no\" allowtransparency=\"true\" style=\"width:100%\"><\/iframe><\/div><script src=\"https:\/\/mystampinblog.com\/Script\/ShowcaseDetailsScript\"><\/script><\/div><\/div>\n","protected":false},"excerpt":{"rendered":"<p>Kreativ-Brief: In meinem Juli-Materialpaket befanden sich je ein A5-Farbkarton in Granit und Bl\u00fctenrosa und ein A7-Blatt&nbsp;Farbkarton in Fl\u00fcsterwei\u00df, ein St\u00fcck Designerpapier Pfingstrose, schimmerndes Geschenkband in Granit und ein St\u00fcck gestreiftes Organdy-Band in Bl\u00fctenrosa Und das ist daraus entstanden: Die Karte auf der rechten Seite habe ich aus dem Farbkarton in Bl\u00fctenrosa gearbeitet. Zuerst habe ich&#8230;<\/p>\n","protected":false},"author":1,"featured_media":0,"comment_status":"open","ping_status":"closed","sticky":false,"template":"","format":"standard","meta":{"footnotes":""},"categories":[82,51],"tags":[],"class_list":["post-11586","post","type-post","status-publish","format-standard","hentry","category-kreativ-brief","category-stampinup"],"_links":{"self":[{"href":"https:\/\/dorispichler.at\/blog\/wp-json\/wp\/v2\/posts\/11586"}],"collection":[{"href":"https:\/\/dorispichler.at\/blog\/wp-json\/wp\/v2\/posts"}],"about":[{"href":"https:\/\/dorispichler.at\/blog\/wp-json\/wp\/v2\/types\/post"}],"author":[{"embeddable":true,"href":"https:\/\/dorispichler.at\/blog\/wp-json\/wp\/v2\/users\/1"}],"replies":[{"embeddable":true,"href":"https:\/\/dorispichler.at\/blog\/wp-json\/wp\/v2\/comments?post=11586"}],"version-history":[{"count":0,"href":"https:\/\/dorispichler.at\/blog\/wp-json\/wp\/v2\/posts\/11586\/revisions"}],"wp:attachment":[{"href":"https:\/\/dorispichler.at\/blog\/wp-json\/wp\/v2\/media?parent=11586"}],"wp:term":[{"taxonomy":"category","embeddable":true,"href":"https:\/\/dorispichler.at\/blog\/wp-json\/wp\/v2\/categories?post=11586"},{"taxonomy":"post_tag","embeddable":true,"href":"https:\/\/dorispichler.at\/blog\/wp-json\/wp\/v2\/tags?post=11586"}],"curies":[{"name":"wp","href":"https:\/\/api.w.org\/{rel}","templated":true}]}}