{"id":11470,"date":"2020-07-06T06:00:24","date_gmt":"2020-07-06T04:00:24","guid":{"rendered":"http:\/\/www.dorispichler.at\/blog\/?p=11470"},"modified":"2020-07-05T19:20:27","modified_gmt":"2020-07-05T17:20:27","slug":"bloghop-woche-sommer-1","status":"publish","type":"post","link":"https:\/\/dorispichler.at\/blog\/bloghop-woche-sommer-1\/","title":{"rendered":"Bloghop-Woche &#8222;Sommer&#8220; Tag 1"},"content":{"rendered":"<p><img loading=\"lazy\" decoding=\"async\" id=\"rechts\" class=\"wp-image-8216 size-full aligncenter\" src=\"https:\/\/dorispichler.at\/blog\/wp-content\/uploads\/2019\/01\/2019_BHW_banner.jpg\" alt=\"bloghop-woche bannerbutton\" width=\"640\" height=\"455\" srcset=\"https:\/\/dorispichler.at\/blog\/wp-content\/uploads\/2019\/01\/2019_BHW_banner.jpg 640w, https:\/\/dorispichler.at\/blog\/wp-content\/uploads\/2019\/01\/2019_BHW_banner-150x107.jpg 150w, https:\/\/dorispichler.at\/blog\/wp-content\/uploads\/2019\/01\/2019_BHW_banner-300x213.jpg 300w, https:\/\/dorispichler.at\/blog\/wp-content\/uploads\/2019\/01\/2019_BHW_banner-600x427.jpg 600w, https:\/\/dorispichler.at\/blog\/wp-content\/uploads\/2019\/01\/2019_BHW_banner-563x400.jpg 563w\" sizes=\"(max-width: 640px) 100vw, 640px\" \/><\/p>\n<p>Herzlich willkommen bei der Bloghop-Woche unseres Teams. Ich freue mich, dass du unserer Bloghop-Runde folgst.<\/p>\n<p>Das Team Astrids-Papiereuphorie pr\u00e4sentiert diese Woche Projekte zum Thema<strong> &#8222;Sommer&#8220;.<\/strong><\/p>\n<p><!-- Ende Materialliste --><\/p>\n\n\n<p><strong>Vorgaben: <\/strong>Gestaltet eure Projekte mit sommerlichen Motiven und kr\u00e4ftigen Farben<\/p>\n\n\n\n<h5 class=\"wp-block-heading\">Tag 1: Schachtel mit Deckel<\/h5>\n\n\n\n<p>Ich starte gleich wieder mit dem Designerpapier &#8222;F\u00fcr jede Jahreszeit&#8220;. Dieses Sonnenblumenmotiv und das passende blau-getupfte Motiv passen perfekt auf eine Sommersonnenschachtel in Hummelgelb \ud83d\ude42<\/p>\n\n\n\n<figure class=\"wp-block-image\"><a ref=\"magnificPopup\" href=\"https:\/\/dorispichler.at\/blog\/wp-content\/uploads\/2020\/07\/01mo_2516.jpg\"><img loading=\"lazy\" decoding=\"async\" width=\"800\" height=\"600\" src=\"https:\/\/dorispichler.at\/blog\/wp-content\/uploads\/2020\/07\/01mo_2516.jpg\" alt=\"bloghopwoche-0720-1\" class=\"wp-image-11472\" srcset=\"https:\/\/dorispichler.at\/blog\/wp-content\/uploads\/2020\/07\/01mo_2516.jpg 800w, https:\/\/dorispichler.at\/blog\/wp-content\/uploads\/2020\/07\/01mo_2516-150x113.jpg 150w, https:\/\/dorispichler.at\/blog\/wp-content\/uploads\/2020\/07\/01mo_2516-300x225.jpg 300w, https:\/\/dorispichler.at\/blog\/wp-content\/uploads\/2020\/07\/01mo_2516-768x576.jpg 768w, https:\/\/dorispichler.at\/blog\/wp-content\/uploads\/2020\/07\/01mo_2516-600x450.jpg 600w, https:\/\/dorispichler.at\/blog\/wp-content\/uploads\/2020\/07\/01mo_2516-533x400.jpg 533w\" sizes=\"(max-width: 800px) 100vw, 800px\" \/><\/a><\/figure>\n\n\n\n<p>Gearbeitet habe ich wieder nach meiner Anleitung &#8222;Blattweise Schachtel&#8220;, dieses Mal habe ich rundherum bei 4 cm gefalzt. Hier geht&#8217;s zum <a href=\"https:\/\/www.youtube.com\/watch?v=OSzPHTk4b1Q\">Video &gt;&gt;<\/a><\/p>\n\n\n\n<p>Und weil&#8217;s so sch\u00f6n war, habe ich gleich noch eine zweite Schachtel gearbeitet. Selbes Designerpapier, andere Farbe und hier habe ich rundherum bei 3 cm gefalzt (genau wie im Video).<\/p>\n\n\n\n<ul class=\"wp-block-gallery columns-3 is-cropped wp-block-gallery-1 is-layout-flex wp-block-gallery-is-layout-flex\"><li class=\"blocks-gallery-item\"><figure><a ref=\"magnificPopup\" href=\"https:\/\/dorispichler.at\/blog\/wp-content\/uploads\/2020\/07\/01mo_2521.jpg\"><img loading=\"lazy\" decoding=\"async\" width=\"800\" height=\"600\" src=\"https:\/\/dorispichler.at\/blog\/wp-content\/uploads\/2020\/07\/01mo_2521.jpg\" alt=\"\" data-id=\"11474\" data-link=\"https:\/\/dorispichler.at\/blog\/?attachment_id=11474\" class=\"wp-image-11474\" srcset=\"https:\/\/dorispichler.at\/blog\/wp-content\/uploads\/2020\/07\/01mo_2521.jpg 800w, https:\/\/dorispichler.at\/blog\/wp-content\/uploads\/2020\/07\/01mo_2521-150x113.jpg 150w, https:\/\/dorispichler.at\/blog\/wp-content\/uploads\/2020\/07\/01mo_2521-300x225.jpg 300w, https:\/\/dorispichler.at\/blog\/wp-content\/uploads\/2020\/07\/01mo_2521-768x576.jpg 768w, https:\/\/dorispichler.at\/blog\/wp-content\/uploads\/2020\/07\/01mo_2521-600x450.jpg 600w, https:\/\/dorispichler.at\/blog\/wp-content\/uploads\/2020\/07\/01mo_2521-533x400.jpg 533w\" sizes=\"(max-width: 800px) 100vw, 800px\" \/><\/a><\/figure><\/li><li class=\"blocks-gallery-item\"><figure><a ref=\"magnificPopup\" href=\"https:\/\/dorispichler.at\/blog\/wp-content\/uploads\/2020\/07\/01mo_2524-1024x1024.jpg\"><img loading=\"lazy\" decoding=\"async\" width=\"1024\" height=\"1024\" src=\"https:\/\/dorispichler.at\/blog\/wp-content\/uploads\/2020\/07\/01mo_2524-1024x1024.jpg\" alt=\"\" data-id=\"11476\" data-link=\"https:\/\/dorispichler.at\/blog\/?attachment_id=11476\" class=\"wp-image-11476\" srcset=\"https:\/\/dorispichler.at\/blog\/wp-content\/uploads\/2020\/07\/01mo_2524-1024x1024.jpg 1024w, https:\/\/dorispichler.at\/blog\/wp-content\/uploads\/2020\/07\/01mo_2524-150x150.jpg 150w, https:\/\/dorispichler.at\/blog\/wp-content\/uploads\/2020\/07\/01mo_2524-300x300.jpg 300w, https:\/\/dorispichler.at\/blog\/wp-content\/uploads\/2020\/07\/01mo_2524-768x768.jpg 768w, https:\/\/dorispichler.at\/blog\/wp-content\/uploads\/2020\/07\/01mo_2524-600x600.jpg 600w, https:\/\/dorispichler.at\/blog\/wp-content\/uploads\/2020\/07\/01mo_2524-350x350.jpg 350w, https:\/\/dorispichler.at\/blog\/wp-content\/uploads\/2020\/07\/01mo_2524-400x400.jpg 400w, https:\/\/dorispichler.at\/blog\/wp-content\/uploads\/2020\/07\/01mo_2524.jpg 1080w\" sizes=\"(max-width: 1024px) 100vw, 1024px\" \/><\/a><\/figure><\/li><li class=\"blocks-gallery-item\"><figure><a ref=\"magnificPopup\" href=\"https:\/\/dorispichler.at\/blog\/wp-content\/uploads\/2020\/07\/01mo_2517.jpg\"><img loading=\"lazy\" decoding=\"async\" width=\"800\" height=\"600\" src=\"https:\/\/dorispichler.at\/blog\/wp-content\/uploads\/2020\/07\/01mo_2517.jpg\" alt=\"\" data-id=\"11473\" data-link=\"https:\/\/dorispichler.at\/blog\/?attachment_id=11473\" class=\"wp-image-11473\" srcset=\"https:\/\/dorispichler.at\/blog\/wp-content\/uploads\/2020\/07\/01mo_2517.jpg 800w, https:\/\/dorispichler.at\/blog\/wp-content\/uploads\/2020\/07\/01mo_2517-150x113.jpg 150w, https:\/\/dorispichler.at\/blog\/wp-content\/uploads\/2020\/07\/01mo_2517-300x225.jpg 300w, https:\/\/dorispichler.at\/blog\/wp-content\/uploads\/2020\/07\/01mo_2517-768x576.jpg 768w, https:\/\/dorispichler.at\/blog\/wp-content\/uploads\/2020\/07\/01mo_2517-600x450.jpg 600w, https:\/\/dorispichler.at\/blog\/wp-content\/uploads\/2020\/07\/01mo_2517-533x400.jpg 533w\" sizes=\"(max-width: 800px) 100vw, 800px\" \/><\/a><\/figure><\/li><li class=\"blocks-gallery-item\"><figure><a ref=\"magnificPopup\" href=\"https:\/\/dorispichler.at\/blog\/wp-content\/uploads\/2020\/07\/01mo_2523.jpg\"><img loading=\"lazy\" decoding=\"async\" width=\"800\" height=\"800\" src=\"https:\/\/dorispichler.at\/blog\/wp-content\/uploads\/2020\/07\/01mo_2523.jpg\" alt=\"\" data-id=\"11475\" data-link=\"https:\/\/dorispichler.at\/blog\/?attachment_id=11475\" class=\"wp-image-11475\" srcset=\"https:\/\/dorispichler.at\/blog\/wp-content\/uploads\/2020\/07\/01mo_2523.jpg 800w, https:\/\/dorispichler.at\/blog\/wp-content\/uploads\/2020\/07\/01mo_2523-150x150.jpg 150w, https:\/\/dorispichler.at\/blog\/wp-content\/uploads\/2020\/07\/01mo_2523-300x300.jpg 300w, https:\/\/dorispichler.at\/blog\/wp-content\/uploads\/2020\/07\/01mo_2523-768x768.jpg 768w, https:\/\/dorispichler.at\/blog\/wp-content\/uploads\/2020\/07\/01mo_2523-600x600.jpg 600w, https:\/\/dorispichler.at\/blog\/wp-content\/uploads\/2020\/07\/01mo_2523-350x350.jpg 350w, https:\/\/dorispichler.at\/blog\/wp-content\/uploads\/2020\/07\/01mo_2523-400x400.jpg 400w\" sizes=\"(max-width: 800px) 100vw, 800px\" \/><\/a><\/figure><\/li><\/ul>\n\n\n\n<p>Die wei\u00dfen Tupfen zwischen den Sonnenblumen auf der gr\u00fcnen Schachtel habe ich per Hand aufgezeichnet, so sieht das Papier etwas lockerer aus. Die Grundfarbe der gr\u00fcnen Schachtel ist &#8222;Zimtbraun&#8220;.<\/p>\n\n\n\n<p>Spruch habe ich diese Mal keinen draufgeklebt, denn ich wei\u00df noch nicht genau wof\u00fcr die Schachteln verwenden werde \u2026<\/p>\n\n\n\n<p>Eine Auflistung aller verwendeten Materialien findet ihr wie immer am Ende des Beitrags. Morgen geht unsere Bloghop-Woche mit der Vorgabe &#8222;Goodie aus\/mit Designerpapier&#8220; weiter.<\/p>\n\n\n\n<div class=\"wp-block-image\"><figure class=\"aligncenter\"><a href=\"http:\/\/papierparty.blogspot.com\" target=\"_blank\" rel=\"noreferrer noopener\"><img loading=\"lazy\" decoding=\"async\" width=\"120\" height=\"120\" src=\"https:\/\/dorispichler.at\/blog\/wp-content\/uploads\/2019\/01\/2019_BHW_next.jpg\" alt=\"bloghop-woche nextbutton\" class=\"wp-image-8217\"\/><\/a><figcaption><a href=\"http:\/\/papierparty.blogspot.com\">Und jetzt wird weiter geh\u00fcpft zu Agnes<\/a><\/figcaption><\/figure><\/div>\n\n\n[vc_separator type=&#8220;short&#8220; size=&#8220;small&#8220; icon=&#8220;eye&#8220;]\n\n\n\n<p>Materialliste &#8211; mit einem Klick auf &#8222;Supply List&#8220; herunterladen oder mit einem Klick auf die Abbildung direkt ins Shop springen.<\/p>\n\n\n\n<div><div><div id=\"e1438acb-a4ea-4436-9b4d-3fb36d1a21a1\"><iframe class=\"iframe-showcase\" src=\"https:\/\/mystampinblog.com\/Showcase\/Details\/1250dc5f-d47a-4afd-b582-ae856f78a83f?layout=Carousel&amp;showSku=True&amp;showPrice=True&amp;showSalePrice=True&amp;showAddToCart=False&amp;showAddAllToCart=True&amp;showDownload=True&amp;transparent=False&amp;bordered=True&amp;hFontHeight=14&amp;rFontHeight=13&amp;imageHeight=120&amp;middleContent=False\" frameborder=\"0\" scrolling=\"no\" allowtransparency=\"true\" style=\"width:100%\"><\/iframe><\/div><script src=\"https:\/\/mystampinblog.com\/Script\/ShowcaseDetailsScript\"><\/script><\/div><\/div>\n","protected":false},"excerpt":{"rendered":"<p>Herzlich willkommen bei der Bloghop-Woche unseres Teams. Ich freue mich, dass du unserer Bloghop-Runde folgst. Das Team Astrids-Papiereuphorie pr\u00e4sentiert diese Woche Projekte zum Thema &#8222;Sommer&#8220;. Vorgaben: Gestaltet eure Projekte mit sommerlichen Motiven und kr\u00e4ftigen Farben Tag 1: Schachtel mit Deckel Ich starte gleich wieder mit dem Designerpapier &#8222;F\u00fcr jede Jahreszeit&#8220;. Dieses Sonnenblumenmotiv und das passende&#8230;<\/p>\n","protected":false},"author":1,"featured_media":0,"comment_status":"open","ping_status":"closed","sticky":false,"template":"","format":"standard","meta":{"footnotes":""},"categories":[94,70,51],"tags":[],"class_list":["post-11470","post","type-post","status-publish","format-standard","hentry","category-blog-hop-woche","category-in-colors","category-stampinup"],"_links":{"self":[{"href":"https:\/\/dorispichler.at\/blog\/wp-json\/wp\/v2\/posts\/11470"}],"collection":[{"href":"https:\/\/dorispichler.at\/blog\/wp-json\/wp\/v2\/posts"}],"about":[{"href":"https:\/\/dorispichler.at\/blog\/wp-json\/wp\/v2\/types\/post"}],"author":[{"embeddable":true,"href":"https:\/\/dorispichler.at\/blog\/wp-json\/wp\/v2\/users\/1"}],"replies":[{"embeddable":true,"href":"https:\/\/dorispichler.at\/blog\/wp-json\/wp\/v2\/comments?post=11470"}],"version-history":[{"count":0,"href":"https:\/\/dorispichler.at\/blog\/wp-json\/wp\/v2\/posts\/11470\/revisions"}],"wp:attachment":[{"href":"https:\/\/dorispichler.at\/blog\/wp-json\/wp\/v2\/media?parent=11470"}],"wp:term":[{"taxonomy":"category","embeddable":true,"href":"https:\/\/dorispichler.at\/blog\/wp-json\/wp\/v2\/categories?post=11470"},{"taxonomy":"post_tag","embeddable":true,"href":"https:\/\/dorispichler.at\/blog\/wp-json\/wp\/v2\/tags?post=11470"}],"curies":[{"name":"wp","href":"https:\/\/api.w.org\/{rel}","templated":true}]}}